{"id":12206,"date":"2026-04-27T11:27:21","date_gmt":"2026-04-27T09:27:21","guid":{"rendered":"https:\/\/tourdepologneamatorow.pl\/?p=12206"},"modified":"2026-04-27T11:27:35","modified_gmt":"2026-04-27T09:27:35","slug":"gq-poland-magazine-becomes-the-official-media-partner-of-the-orlen-lang-team-race-series","status":"publish","type":"post","link":"https:\/\/tourdepologneamatorow.pl\/en\/gq-poland-magazine-becomes-the-official-media-partner-of-the-orlen-lang-team-race-series\/","title":{"rendered":"GQ POLAND magazine becomes the official media partner of the ORLEN Lang Team Race series"},"content":{"rendered":"<p><strong>GQ POLAND is a respected lifestyle magazine aimed at modern, active audiences, combining the worlds of sport, style, and inspiring stories. The Editor-in-Chief is the well-known journalist and TV presenter Olivier Janiak, which further highlights the prestige of this partnership.<\/strong><\/p>\n<p>As part of the collaboration, the magazine will have a strong presence at events within the ORLEN Lang Team Race series. On May 16, at Hotel Ar\u0142am\u00f3w, a special edition of the magazine will be distributed, featuring exclusive content with Czes\u0142aw Lang as well as an extensive cycling report. The article on \u201cromantic cycling\u201d and exploring Europe from the saddle will feature one of the most recognizable creators in cycling lifestyle content, Szymonbike.<\/p>\n<p>Coverage of Lang Team events will also appear in the online edition of GQ POLAND, including stops such as ORLEN Lang Team Race at Hotel Ar\u0142am\u00f3w, ORLEN Tour de Pologne Amateurs at Hotel BUKOVINA, and ORLEN Lang Team Race in Byt\u00f3w.<\/p>\n<p>In Poland, GQ focuses on modern lifestyle and culture, showcasing opinion leaders, top athletes, actors, and entrepreneurs. At the same time, it is a title with a truly global reach, its covers, both worldwide and in Poland, regularly feature the biggest stars of cinema, sport, and pop culture.<\/p>\n<p>International editions of GQ have featured, among others, Cristiano Ronaldo, Lewis Hamilton, Novak Djokovic, Stephen Curry, LeBron James, David Beckham, and Usain Bolt and the list of names featured in the magazine since the 1990s is much longer.<\/p>\n<p>Importantly, GQ is not just a magazine, it\u2019s also the people behind it, and this is where we share something in common. The GQ team are true cycling enthusiasts, which makes us even more excited that they will join us and help co-create this story.<\/p>\n<p>We encourage you to follow GQ POLAND\u2019s channels &#8211; special surprises dedicated to participants of the ORLEN Lang Team Race series will be coming soon.<\/p>\n","protected":false},"excerpt":{"rendered":"<p>GQ POLAND is a respected lifestyle magazine aimed at modern, active audiences, combining the worlds of sport, style, and inspiring stories. The Editor-in-Chief is the well-known journalist and TV presenter Olivier Janiak, which further highlights the prestige of this partnership. As part of the collaboration, the magazine will have a strong presence at events within [&hellip;]<\/p>\n","protected":false},"author":4,"featured_media":12203,"comment_status":"closed","ping_status":"closed","sticky":false,"template":"","format":"standard","meta":{"_acf_changed":false,"footnotes":""},"categories":[158,157],"tags":[],"class_list":["post-12206","post","type-post","status-publish","format-standard","has-post-thumbnail","hentry","category-news-en","category-news-main-en"],"acf":[],"yoast_head":"<!-- This site is optimized with the Yoast SEO plugin v27.4 - https:\/\/yoast.com\/product\/yoast-seo-wordpress\/ -->\n<title>GQ POLAND magazine becomes the official media partner of the ORLEN Lang Team Race series - Tour de Pologne Amator\u00f3w<\/title>\n<meta name=\"robots\" content=\"index, follow, max-snippet:-1, max-image-preview:large, max-video-preview:-1\" \/>\n<link rel=\"canonical\" href=\"https:\/\/tourdepologneamatorow.pl\/en\/gq-poland-magazine-becomes-the-official-media-partner-of-the-orlen-lang-team-race-series\/\" \/>\n<meta property=\"og:locale\" content=\"en_US\" \/>\n<meta property=\"og:type\" content=\"article\" \/>\n<meta property=\"og:title\" content=\"GQ POLAND magazine becomes the official media partner of the ORLEN Lang Team Race series - Tour de Pologne Amator\u00f3w\" \/>\n<meta property=\"og:description\" content=\"GQ POLAND is a respected lifestyle magazine aimed at modern, active audiences, combining the worlds of sport, style, and inspiring stories. The Editor-in-Chief is the well-known journalist and TV presenter Olivier Janiak, which further highlights the prestige of this partnership. As part of the collaboration, the magazine will have a strong presence at events within [&hellip;]\" \/>\n<meta property=\"og:url\" content=\"https:\/\/tourdepologneamatorow.pl\/en\/gq-poland-magazine-becomes-the-official-media-partner-of-the-orlen-lang-team-race-series\/\" \/>\n<meta property=\"og:site_name\" content=\"Tour de Pologne Amator\u00f3w\" \/>\n<meta property=\"article:published_time\" content=\"2026-04-27T09:27:21+00:00\" \/>\n<meta property=\"article:modified_time\" content=\"2026-04-27T09:27:35+00:00\" \/>\n<meta property=\"og:image\" content=\"https:\/\/tourdepologneamatorow.pl\/wp-content\/uploads\/2026\/04\/OLTRBytow23-104.jpg\" \/>\n\t<meta property=\"og:image:width\" content=\"1280\" \/>\n\t<meta property=\"og:image:height\" content=\"853\" \/>\n\t<meta property=\"og:image:type\" content=\"image\/jpeg\" \/>\n<meta name=\"author\" content=\"Press\" \/>\n<meta name=\"twitter:card\" content=\"summary_large_image\" \/>\n<meta name=\"twitter:label1\" content=\"Written by\" \/>\n\t<meta name=\"twitter:data1\" content=\"Press\" \/>\n\t<meta name=\"twitter:label2\" content=\"Est. reading time\" \/>\n\t<meta name=\"twitter:data2\" content=\"3 minutes\" \/>\n<script type=\"application\/ld+json\" class=\"yoast-schema-graph\">{\"@context\":\"https:\\\/\\\/schema.org\",\"@graph\":[{\"@type\":\"Article\",\"@id\":\"https:\\\/\\\/tourdepologneamatorow.pl\\\/en\\\/gq-poland-magazine-becomes-the-official-media-partner-of-the-orlen-lang-team-race-series\\\/#article\",\"isPartOf\":{\"@id\":\"https:\\\/\\\/tourdepologneamatorow.pl\\\/en\\\/gq-poland-magazine-becomes-the-official-media-partner-of-the-orlen-lang-team-race-series\\\/\"},\"author\":{\"name\":\"Press\",\"@id\":\"https:\\\/\\\/tourdepologneamatorow.pl\\\/#\\\/schema\\\/person\\\/9a9498241c5c6ccbbf6fa6b531430e96\"},\"headline\":\"GQ POLAND magazine becomes the official media partner of the ORLEN Lang Team Race series\",\"datePublished\":\"2026-04-27T09:27:21+00:00\",\"dateModified\":\"2026-04-27T09:27:35+00:00\",\"mainEntityOfPage\":{\"@id\":\"https:\\\/\\\/tourdepologneamatorow.pl\\\/en\\\/gq-poland-magazine-becomes-the-official-media-partner-of-the-orlen-lang-team-race-series\\\/\"},\"wordCount\":332,\"publisher\":{\"@id\":\"https:\\\/\\\/tourdepologneamatorow.pl\\\/#organization\"},\"image\":{\"@id\":\"https:\\\/\\\/tourdepologneamatorow.pl\\\/en\\\/gq-poland-magazine-becomes-the-official-media-partner-of-the-orlen-lang-team-race-series\\\/#primaryimage\"},\"thumbnailUrl\":\"https:\\\/\\\/tourdepologneamatorow.pl\\\/wp-content\\\/uploads\\\/2026\\\/04\\\/OLTRBytow23-104.jpg\",\"articleSection\":[\"News en\",\"News main en\"],\"inLanguage\":\"en-US\"},{\"@type\":\"WebPage\",\"@id\":\"https:\\\/\\\/tourdepologneamatorow.pl\\\/en\\\/gq-poland-magazine-becomes-the-official-media-partner-of-the-orlen-lang-team-race-series\\\/\",\"url\":\"https:\\\/\\\/tourdepologneamatorow.pl\\\/en\\\/gq-poland-magazine-becomes-the-official-media-partner-of-the-orlen-lang-team-race-series\\\/\",\"name\":\"GQ POLAND magazine becomes the official media partner of the ORLEN Lang Team Race series - Tour de Pologne Amator\u00f3w\",\"isPartOf\":{\"@id\":\"https:\\\/\\\/tourdepologneamatorow.pl\\\/#website\"},\"primaryImageOfPage\":{\"@id\":\"https:\\\/\\\/tourdepologneamatorow.pl\\\/en\\\/gq-poland-magazine-becomes-the-official-media-partner-of-the-orlen-lang-team-race-series\\\/#primaryimage\"},\"image\":{\"@id\":\"https:\\\/\\\/tourdepologneamatorow.pl\\\/en\\\/gq-poland-magazine-becomes-the-official-media-partner-of-the-orlen-lang-team-race-series\\\/#primaryimage\"},\"thumbnailUrl\":\"https:\\\/\\\/tourdepologneamatorow.pl\\\/wp-content\\\/uploads\\\/2026\\\/04\\\/OLTRBytow23-104.jpg\",\"datePublished\":\"2026-04-27T09:27:21+00:00\",\"dateModified\":\"2026-04-27T09:27:35+00:00\",\"breadcrumb\":{\"@id\":\"https:\\\/\\\/tourdepologneamatorow.pl\\\/en\\\/gq-poland-magazine-becomes-the-official-media-partner-of-the-orlen-lang-team-race-series\\\/#breadcrumb\"},\"inLanguage\":\"en-US\",\"potentialAction\":[{\"@type\":\"ReadAction\",\"target\":[\"https:\\\/\\\/tourdepologneamatorow.pl\\\/en\\\/gq-poland-magazine-becomes-the-official-media-partner-of-the-orlen-lang-team-race-series\\\/\"]}]},{\"@type\":\"ImageObject\",\"inLanguage\":\"en-US\",\"@id\":\"https:\\\/\\\/tourdepologneamatorow.pl\\\/en\\\/gq-poland-magazine-becomes-the-official-media-partner-of-the-orlen-lang-team-race-series\\\/#primaryimage\",\"url\":\"https:\\\/\\\/tourdepologneamatorow.pl\\\/wp-content\\\/uploads\\\/2026\\\/04\\\/OLTRBytow23-104.jpg\",\"contentUrl\":\"https:\\\/\\\/tourdepologneamatorow.pl\\\/wp-content\\\/uploads\\\/2026\\\/04\\\/OLTRBytow23-104.jpg\",\"width\":1280,\"height\":853},{\"@type\":\"BreadcrumbList\",\"@id\":\"https:\\\/\\\/tourdepologneamatorow.pl\\\/en\\\/gq-poland-magazine-becomes-the-official-media-partner-of-the-orlen-lang-team-race-series\\\/#breadcrumb\",\"itemListElement\":[{\"@type\":\"ListItem\",\"position\":1,\"name\":\"Strona g\u0142\u00f3wna\",\"item\":\"https:\\\/\\\/tourdepologneamatorow.pl\\\/en\\\/\"},{\"@type\":\"ListItem\",\"position\":2,\"name\":\"GQ POLAND magazine becomes the official media partner of the ORLEN Lang Team Race series\"}]},{\"@type\":\"WebSite\",\"@id\":\"https:\\\/\\\/tourdepologneamatorow.pl\\\/#website\",\"url\":\"https:\\\/\\\/tourdepologneamatorow.pl\\\/\",\"name\":\"Tour de Pologne Amator\u00f3w\",\"description\":\"Najwi\u0119kszy wy\u015bcig kolarski amator\u00f3w\",\"publisher\":{\"@id\":\"https:\\\/\\\/tourdepologneamatorow.pl\\\/#organization\"},\"potentialAction\":[{\"@type\":\"SearchAction\",\"target\":{\"@type\":\"EntryPoint\",\"urlTemplate\":\"https:\\\/\\\/tourdepologneamatorow.pl\\\/?s={search_term_string}\"},\"query-input\":{\"@type\":\"PropertyValueSpecification\",\"valueRequired\":true,\"valueName\":\"search_term_string\"}}],\"inLanguage\":\"en-US\"},{\"@type\":\"Organization\",\"@id\":\"https:\\\/\\\/tourdepologneamatorow.pl\\\/#organization\",\"name\":\"Tour de Pologne Amator\u00f3w\",\"url\":\"https:\\\/\\\/tourdepologneamatorow.pl\\\/\",\"logo\":{\"@type\":\"ImageObject\",\"inLanguage\":\"en-US\",\"@id\":\"https:\\\/\\\/tourdepologneamatorow.pl\\\/#\\\/schema\\\/logo\\\/image\\\/\",\"url\":\"https:\\\/\\\/tourdepologneamatorow.pl\\\/wp-content\\\/uploads\\\/2023\\\/03\\\/tdpa-2026-logo.png\",\"contentUrl\":\"https:\\\/\\\/tourdepologneamatorow.pl\\\/wp-content\\\/uploads\\\/2023\\\/03\\\/tdpa-2026-logo.png\",\"width\":800,\"height\":184,\"caption\":\"Tour de Pologne Amator\u00f3w\"},\"image\":{\"@id\":\"https:\\\/\\\/tourdepologneamatorow.pl\\\/#\\\/schema\\\/logo\\\/image\\\/\"}},{\"@type\":\"Person\",\"@id\":\"https:\\\/\\\/tourdepologneamatorow.pl\\\/#\\\/schema\\\/person\\\/9a9498241c5c6ccbbf6fa6b531430e96\",\"name\":\"Press\",\"image\":{\"@type\":\"ImageObject\",\"inLanguage\":\"en-US\",\"@id\":\"https:\\\/\\\/secure.gravatar.com\\\/avatar\\\/df62f2f515b6857a7626e7d733ea81e452163a8e46d8c1787c083c5dd0ee42df?s=96&d=mm&r=g\",\"url\":\"https:\\\/\\\/secure.gravatar.com\\\/avatar\\\/df62f2f515b6857a7626e7d733ea81e452163a8e46d8c1787c083c5dd0ee42df?s=96&d=mm&r=g\",\"contentUrl\":\"https:\\\/\\\/secure.gravatar.com\\\/avatar\\\/df62f2f515b6857a7626e7d733ea81e452163a8e46d8c1787c083c5dd0ee42df?s=96&d=mm&r=g\",\"caption\":\"Press\"},\"url\":\"https:\\\/\\\/tourdepologneamatorow.pl\\\/en\\\/author\\\/press\\\/\"}]}<\/script>\n<!-- \/ Yoast SEO plugin. -->","yoast_head_json":{"title":"GQ POLAND magazine becomes the official media partner of the ORLEN Lang Team Race series - Tour de Pologne Amator\u00f3w","robots":{"index":"index","follow":"follow","max-snippet":"max-snippet:-1","max-image-preview":"max-image-preview:large","max-video-preview":"max-video-preview:-1"},"canonical":"https:\/\/tourdepologneamatorow.pl\/en\/gq-poland-magazine-becomes-the-official-media-partner-of-the-orlen-lang-team-race-series\/","og_locale":"en_US","og_type":"article","og_title":"GQ POLAND magazine becomes the official media partner of the ORLEN Lang Team Race series - Tour de Pologne Amator\u00f3w","og_description":"GQ POLAND is a respected lifestyle magazine aimed at modern, active audiences, combining the worlds of sport, style, and inspiring stories. The Editor-in-Chief is the well-known journalist and TV presenter Olivier Janiak, which further highlights the prestige of this partnership. As part of the collaboration, the magazine will have a strong presence at events within [&hellip;]","og_url":"https:\/\/tourdepologneamatorow.pl\/en\/gq-poland-magazine-becomes-the-official-media-partner-of-the-orlen-lang-team-race-series\/","og_site_name":"Tour de Pologne Amator\u00f3w","article_published_time":"2026-04-27T09:27:21+00:00","article_modified_time":"2026-04-27T09:27:35+00:00","og_image":[{"width":1280,"height":853,"url":"https:\/\/tourdepologneamatorow.pl\/wp-content\/uploads\/2026\/04\/OLTRBytow23-104.jpg","type":"image\/jpeg"}],"author":"Press","twitter_card":"summary_large_image","twitter_misc":{"Written by":"Press","Est. reading time":"3 minutes"},"schema":{"@context":"https:\/\/schema.org","@graph":[{"@type":"Article","@id":"https:\/\/tourdepologneamatorow.pl\/en\/gq-poland-magazine-becomes-the-official-media-partner-of-the-orlen-lang-team-race-series\/#article","isPartOf":{"@id":"https:\/\/tourdepologneamatorow.pl\/en\/gq-poland-magazine-becomes-the-official-media-partner-of-the-orlen-lang-team-race-series\/"},"author":{"name":"Press","@id":"https:\/\/tourdepologneamatorow.pl\/#\/schema\/person\/9a9498241c5c6ccbbf6fa6b531430e96"},"headline":"GQ POLAND magazine becomes the official media partner of the ORLEN Lang Team Race series","datePublished":"2026-04-27T09:27:21+00:00","dateModified":"2026-04-27T09:27:35+00:00","mainEntityOfPage":{"@id":"https:\/\/tourdepologneamatorow.pl\/en\/gq-poland-magazine-becomes-the-official-media-partner-of-the-orlen-lang-team-race-series\/"},"wordCount":332,"publisher":{"@id":"https:\/\/tourdepologneamatorow.pl\/#organization"},"image":{"@id":"https:\/\/tourdepologneamatorow.pl\/en\/gq-poland-magazine-becomes-the-official-media-partner-of-the-orlen-lang-team-race-series\/#primaryimage"},"thumbnailUrl":"https:\/\/tourdepologneamatorow.pl\/wp-content\/uploads\/2026\/04\/OLTRBytow23-104.jpg","articleSection":["News en","News main en"],"inLanguage":"en-US"},{"@type":"WebPage","@id":"https:\/\/tourdepologneamatorow.pl\/en\/gq-poland-magazine-becomes-the-official-media-partner-of-the-orlen-lang-team-race-series\/","url":"https:\/\/tourdepologneamatorow.pl\/en\/gq-poland-magazine-becomes-the-official-media-partner-of-the-orlen-lang-team-race-series\/","name":"GQ POLAND magazine becomes the official media partner of the ORLEN Lang Team Race series - Tour de Pologne Amator\u00f3w","isPartOf":{"@id":"https:\/\/tourdepologneamatorow.pl\/#website"},"primaryImageOfPage":{"@id":"https:\/\/tourdepologneamatorow.pl\/en\/gq-poland-magazine-becomes-the-official-media-partner-of-the-orlen-lang-team-race-series\/#primaryimage"},"image":{"@id":"https:\/\/tourdepologneamatorow.pl\/en\/gq-poland-magazine-becomes-the-official-media-partner-of-the-orlen-lang-team-race-series\/#primaryimage"},"thumbnailUrl":"https:\/\/tourdepologneamatorow.pl\/wp-content\/uploads\/2026\/04\/OLTRBytow23-104.jpg","datePublished":"2026-04-27T09:27:21+00:00","dateModified":"2026-04-27T09:27:35+00:00","breadcrumb":{"@id":"https:\/\/tourdepologneamatorow.pl\/en\/gq-poland-magazine-becomes-the-official-media-partner-of-the-orlen-lang-team-race-series\/#breadcrumb"},"inLanguage":"en-US","potentialAction":[{"@type":"ReadAction","target":["https:\/\/tourdepologneamatorow.pl\/en\/gq-poland-magazine-becomes-the-official-media-partner-of-the-orlen-lang-team-race-series\/"]}]},{"@type":"ImageObject","inLanguage":"en-US","@id":"https:\/\/tourdepologneamatorow.pl\/en\/gq-poland-magazine-becomes-the-official-media-partner-of-the-orlen-lang-team-race-series\/#primaryimage","url":"https:\/\/tourdepologneamatorow.pl\/wp-content\/uploads\/2026\/04\/OLTRBytow23-104.jpg","contentUrl":"https:\/\/tourdepologneamatorow.pl\/wp-content\/uploads\/2026\/04\/OLTRBytow23-104.jpg","width":1280,"height":853},{"@type":"BreadcrumbList","@id":"https:\/\/tourdepologneamatorow.pl\/en\/gq-poland-magazine-becomes-the-official-media-partner-of-the-orlen-lang-team-race-series\/#breadcrumb","itemListElement":[{"@type":"ListItem","position":1,"name":"Strona g\u0142\u00f3wna","item":"https:\/\/tourdepologneamatorow.pl\/en\/"},{"@type":"ListItem","position":2,"name":"GQ POLAND magazine becomes the official media partner of the ORLEN Lang Team Race series"}]},{"@type":"WebSite","@id":"https:\/\/tourdepologneamatorow.pl\/#website","url":"https:\/\/tourdepologneamatorow.pl\/","name":"Tour de Pologne Amator\u00f3w","description":"Najwi\u0119kszy wy\u015bcig kolarski amator\u00f3w","publisher":{"@id":"https:\/\/tourdepologneamatorow.pl\/#organization"},"potentialAction":[{"@type":"SearchAction","target":{"@type":"EntryPoint","urlTemplate":"https:\/\/tourdepologneamatorow.pl\/?s={search_term_string}"},"query-input":{"@type":"PropertyValueSpecification","valueRequired":true,"valueName":"search_term_string"}}],"inLanguage":"en-US"},{"@type":"Organization","@id":"https:\/\/tourdepologneamatorow.pl\/#organization","name":"Tour de Pologne Amator\u00f3w","url":"https:\/\/tourdepologneamatorow.pl\/","logo":{"@type":"ImageObject","inLanguage":"en-US","@id":"https:\/\/tourdepologneamatorow.pl\/#\/schema\/logo\/image\/","url":"https:\/\/tourdepologneamatorow.pl\/wp-content\/uploads\/2023\/03\/tdpa-2026-logo.png","contentUrl":"https:\/\/tourdepologneamatorow.pl\/wp-content\/uploads\/2023\/03\/tdpa-2026-logo.png","width":800,"height":184,"caption":"Tour de Pologne Amator\u00f3w"},"image":{"@id":"https:\/\/tourdepologneamatorow.pl\/#\/schema\/logo\/image\/"}},{"@type":"Person","@id":"https:\/\/tourdepologneamatorow.pl\/#\/schema\/person\/9a9498241c5c6ccbbf6fa6b531430e96","name":"Press","image":{"@type":"ImageObject","inLanguage":"en-US","@id":"https:\/\/secure.gravatar.com\/avatar\/df62f2f515b6857a7626e7d733ea81e452163a8e46d8c1787c083c5dd0ee42df?s=96&d=mm&r=g","url":"https:\/\/secure.gravatar.com\/avatar\/df62f2f515b6857a7626e7d733ea81e452163a8e46d8c1787c083c5dd0ee42df?s=96&d=mm&r=g","contentUrl":"https:\/\/secure.gravatar.com\/avatar\/df62f2f515b6857a7626e7d733ea81e452163a8e46d8c1787c083c5dd0ee42df?s=96&d=mm&r=g","caption":"Press"},"url":"https:\/\/tourdepologneamatorow.pl\/en\/author\/press\/"}]}},"_links":{"self":[{"href":"https:\/\/tourdepologneamatorow.pl\/en\/wp-json\/wp\/v2\/posts\/12206","targetHints":{"allow":["GET"]}}],"collection":[{"href":"https:\/\/tourdepologneamatorow.pl\/en\/wp-json\/wp\/v2\/posts"}],"about":[{"href":"https:\/\/tourdepologneamatorow.pl\/en\/wp-json\/wp\/v2\/types\/post"}],"author":[{"embeddable":true,"href":"https:\/\/tourdepologneamatorow.pl\/en\/wp-json\/wp\/v2\/users\/4"}],"replies":[{"embeddable":true,"href":"https:\/\/tourdepologneamatorow.pl\/en\/wp-json\/wp\/v2\/comments?post=12206"}],"version-history":[{"count":1,"href":"https:\/\/tourdepologneamatorow.pl\/en\/wp-json\/wp\/v2\/posts\/12206\/revisions"}],"predecessor-version":[{"id":12207,"href":"https:\/\/tourdepologneamatorow.pl\/en\/wp-json\/wp\/v2\/posts\/12206\/revisions\/12207"}],"wp:featuredmedia":[{"embeddable":true,"href":"https:\/\/tourdepologneamatorow.pl\/en\/wp-json\/wp\/v2\/media\/12203"}],"wp:attachment":[{"href":"https:\/\/tourdepologneamatorow.pl\/en\/wp-json\/wp\/v2\/media?parent=12206"}],"wp:term":[{"taxonomy":"category","embeddable":true,"href":"https:\/\/tourdepologneamatorow.pl\/en\/wp-json\/wp\/v2\/categories?post=12206"},{"taxonomy":"post_tag","embeddable":true,"href":"https:\/\/tourdepologneamatorow.pl\/en\/wp-json\/wp\/v2\/tags?post=12206"}],"curies":[{"name":"wp","href":"https:\/\/api.w.org\/{rel}","templated":true}]}}