{"id":12038,"date":"2025-12-06T11:01:28","date_gmt":"2025-12-06T10:01:28","guid":{"rendered":"https:\/\/tourdepologneamatorow.pl\/?p=12038"},"modified":"2026-01-09T09:51:08","modified_gmt":"2026-01-09T08:51:08","slug":"registration-for-the-orlen-lang-team-race-2026-a-road-cycling-race-series-for-amateurs-is-now-open","status":"publish","type":"post","link":"https:\/\/tourdepologneamatorow.pl\/en\/registration-for-the-orlen-lang-team-race-2026-a-road-cycling-race-series-for-amateurs-is-now-open\/","title":{"rendered":"Registration for the ORLEN Lang Team Race 2026 \u2013 a road cycling race series for amateurs \u2013 is now open!"},"content":{"rendered":"<p><span style=\"font-weight: 400;\">The title sponsor of the event is ORLEN, and thanks to its professional organization, precise timekeeping, exceptional routes and the atmosphere of top-level racing, everyone can feel like a true pro here. The 2026 season promises to be even more exciting!<\/span><\/p>\n<p><span style=\"font-weight: 400;\">In the previous edition, over 3,000 participants lined up shoulder to shoulder at the start, taking on some of the most demanding routes in the country. You create the unique spirit of this series \u2013 full of passion, the fighting spirit of cycling, and the energy that carries you from start to finish.<\/span><\/p>\n<p><span style=\"font-weight: 400;\"><br \/>\n<\/span><span style=\"font-weight: 400;\">The ORLEN Tour de Pologne Amateurs \u2013 Ryszard Szurkowski Memorial and the ORLEN Lang Team Race are not just single events \u2013 it\u2019s a series where riders compete for stage wins as well as positions in the overall OPENclassification.<\/span><\/p>\n<p><i><span style=\"font-weight: 400;\">\u201cI&#8217;m very happy that more and more people join our cycling series each year. We see the growing passion for cycling and how our great cycling family is expanding. It brings me huge satisfaction,\u201d<\/span><\/i><span style=\"font-weight: 400;\"> says Czes\u0142aw Lang, General Director of ORLEN Tour de Pologne Amateurs and ORLEN Lang Team Race.<\/span><\/p>\n<p><span style=\"font-weight: 400;\"><br \/>\n<\/span><i><span style=\"font-weight: 400;\">\u201cFor the next edition, we\u2019ve prepared a truly interesting route in Ar\u0142am\u00f3w. The start and finish will be located at the Ar\u0142am\u00f3w Hotel, and along the route riders will face the well-known and much-loved climbs of Gruszowa and Kalwaria Pac\u0142awska. We set off from the hotel, ride through Siod\u0142o and immediately begin real racing.\u201d<\/span><\/i><\/p>\n<p><span style=\"font-weight: 400;\">That\u2019s why we encourage you to take part in all three races! The general classification of the ORLEN Lang Team Race includes results from the MAXI distance in Ar\u0142am\u00f3w, BUKOVINA Resort and Byt\u00f3w. The ranking is based on the total time from all races \u2013 only those who complete the entire series have a chance to stand on the overall podium during the grand finale in Byt\u00f3w. It\u2019s a true test of fitness, endurance and cycling character.<\/span><\/p>\n<p><i><span style=\"font-weight: 400;\">\u201cIn Bukowina Tatrza\u0144ska, riders will face two 25-km laps, each featuring the iconic climb up the BUKOVINA Wall in Gliczar\u00f3w. The start will traditionally take place at BUKOVINA Resort, with the finish at the RUSI\u0143-SKI Ski Station. In the race village, fans will find attractions, partner stands and special Decathlon zones.<\/span><\/i><\/p>\n<p><i><span style=\"font-weight: 400;\"><br \/>\n<\/span><\/i><i><span style=\"font-weight: 400;\">The third stage is Byt\u00f3w \u2013 our proven classic. We\u2019ve prepared two distances: a shorter one of around 40 km<\/span><\/i><span style=\"font-weight: 400;\"> and a longer one exceeding 100 km. Everyone will find something for themselves.\u201d<\/span><\/p>\n<p><b>Here are the stages of the upcoming cycling challenges:<\/b><\/p>\n<ul>\n<li style=\"font-weight: 400;\" aria-level=\"1\"><span style=\"font-weight: 400;\">HOTEL AR\u0141AM\u00d3W \u2013 16.05.2026<\/span><\/li>\n<li style=\"font-weight: 400;\" aria-level=\"1\"><span style=\"font-weight: 400;\">BUKOVINA RESORT \u2013 08.08.2026 (ORLEN Tour de Pologne Amateurs)<\/span><\/li>\n<li style=\"font-weight: 400;\" aria-level=\"1\"><span style=\"font-weight: 400;\">BYT\u00d3W \u2013 19.09.2026<\/span><\/li>\n<\/ul>\n<p><span style=\"font-weight: 400;\">Registration opens today and spots are disappearing fast, so don\u2019t delay.<\/span><span style=\"font-weight: 400;\"><br \/>\n<\/span><span style=\"font-weight: 400;\">Sign-ups take place conveniently through the Decathlon GO platform, with which we are starting an official partnership this year. Thanks to this, participants can expect even more interesting solutions, attractions and amenities.<\/span><\/p>\n<p><span style=\"font-weight: 400;\">But that\u2019s not all! As part of the ORLEN Tour de Pologne Amateurs, it will also be possible to choose delivery of the starter packs, making participation easier for those who prefer to have everything prepared in advance.<\/span><\/p>\n<p><span style=\"font-weight: 400;\">Three races. Three unique locations. One goal: to push your limits like never before and experience the true spirit of cycling.<\/span><span style=\"font-weight: 400;\"><br \/>\n<\/span><span style=\"font-weight: 400;\">Get your form ready, service your bike and join one of the largest amateur cycling events in Poland.<\/span><\/p>\n<p><i><span style=\"font-weight: 400;\">\u201cI wish everyone good health, strength and a successful winter training season, and with Christmas approaching \u2013 Merry Christmas. See you on the route!\u201d<\/span><\/i><span style=\"font-weight: 400;\"> adds Czes\u0142aw Lang.<\/span><\/p>\n","protected":false},"excerpt":{"rendered":"<p>The title sponsor of the event is ORLEN, and thanks to its professional organization, precise timekeeping, exceptional routes and the atmosphere of top-level racing, everyone can feel like a true pro here. The 2026 season promises to be even more exciting! In the previous edition, over 3,000 participants lined up shoulder to shoulder at the [&hellip;]<\/p>\n","protected":false},"author":4,"featured_media":12035,"comment_status":"closed","ping_status":"closed","sticky":false,"template":"","format":"standard","meta":{"_acf_changed":false,"footnotes":""},"categories":[158],"tags":[],"class_list":["post-12038","post","type-post","status-publish","format-standard","has-post-thumbnail","hentry","category-news-en"],"acf":[],"yoast_head":"<!-- This site is optimized with the Yoast SEO plugin v27.5 - https:\/\/yoast.com\/product\/yoast-seo-wordpress\/ -->\n<title>Registration for the ORLEN Lang Team Race 2026 \u2013 a road cycling race series for amateurs \u2013 is now open! - Tour de Pologne Amator\u00f3w<\/title>\n<meta name=\"robots\" content=\"index, follow, max-snippet:-1, max-image-preview:large, max-video-preview:-1\" \/>\n<link rel=\"canonical\" href=\"https:\/\/tourdepologneamatorow.pl\/en\/registration-for-the-orlen-lang-team-race-2026-a-road-cycling-race-series-for-amateurs-is-now-open\/\" \/>\n<meta property=\"og:locale\" content=\"en_US\" \/>\n<meta property=\"og:type\" content=\"article\" \/>\n<meta property=\"og:title\" content=\"Registration for the ORLEN Lang Team Race 2026 \u2013 a road cycling race series for amateurs \u2013 is now open! - Tour de Pologne Amator\u00f3w\" \/>\n<meta property=\"og:description\" content=\"The title sponsor of the event is ORLEN, and thanks to its professional organization, precise timekeeping, exceptional routes and the atmosphere of top-level racing, everyone can feel like a true pro here. The 2026 season promises to be even more exciting! In the previous edition, over 3,000 participants lined up shoulder to shoulder at the [&hellip;]\" \/>\n<meta property=\"og:url\" content=\"https:\/\/tourdepologneamatorow.pl\/en\/registration-for-the-orlen-lang-team-race-2026-a-road-cycling-race-series-for-amateurs-is-now-open\/\" \/>\n<meta property=\"og:site_name\" content=\"Tour de Pologne Amator\u00f3w\" \/>\n<meta property=\"article:published_time\" content=\"2025-12-06T10:01:28+00:00\" \/>\n<meta property=\"article:modified_time\" content=\"2026-01-09T08:51:08+00:00\" \/>\n<meta property=\"og:image\" content=\"https:\/\/tourdepologneamatorow.pl\/wp-content\/uploads\/2025\/12\/OLTR-2025-BUKOVINA-Resort-Michal-Trzpis-126.jpg\" \/>\n\t<meta property=\"og:image:width\" content=\"1280\" \/>\n\t<meta property=\"og:image:height\" content=\"852\" \/>\n\t<meta property=\"og:image:type\" content=\"image\/jpeg\" \/>\n<meta name=\"author\" content=\"Press\" \/>\n<meta name=\"twitter:card\" content=\"summary_large_image\" \/>\n<meta name=\"twitter:label1\" content=\"Written by\" \/>\n\t<meta name=\"twitter:data1\" content=\"Press\" \/>\n\t<meta name=\"twitter:label2\" content=\"Est. reading time\" \/>\n\t<meta name=\"twitter:data2\" content=\"4 minutes\" \/>\n<script type=\"application\/ld+json\" class=\"yoast-schema-graph\">{\"@context\":\"https:\\\/\\\/schema.org\",\"@graph\":[{\"@type\":\"Article\",\"@id\":\"https:\\\/\\\/tourdepologneamatorow.pl\\\/en\\\/registration-for-the-orlen-lang-team-race-2026-a-road-cycling-race-series-for-amateurs-is-now-open\\\/#article\",\"isPartOf\":{\"@id\":\"https:\\\/\\\/tourdepologneamatorow.pl\\\/en\\\/registration-for-the-orlen-lang-team-race-2026-a-road-cycling-race-series-for-amateurs-is-now-open\\\/\"},\"author\":{\"name\":\"Press\",\"@id\":\"https:\\\/\\\/tourdepologneamatorow.pl\\\/#\\\/schema\\\/person\\\/9a9498241c5c6ccbbf6fa6b531430e96\"},\"headline\":\"Registration for the ORLEN Lang Team Race 2026 \u2013 a road cycling race series for amateurs \u2013 is now open!\",\"datePublished\":\"2025-12-06T10:01:28+00:00\",\"dateModified\":\"2026-01-09T08:51:08+00:00\",\"mainEntityOfPage\":{\"@id\":\"https:\\\/\\\/tourdepologneamatorow.pl\\\/en\\\/registration-for-the-orlen-lang-team-race-2026-a-road-cycling-race-series-for-amateurs-is-now-open\\\/\"},\"wordCount\":598,\"publisher\":{\"@id\":\"https:\\\/\\\/tourdepologneamatorow.pl\\\/#organization\"},\"image\":{\"@id\":\"https:\\\/\\\/tourdepologneamatorow.pl\\\/en\\\/registration-for-the-orlen-lang-team-race-2026-a-road-cycling-race-series-for-amateurs-is-now-open\\\/#primaryimage\"},\"thumbnailUrl\":\"https:\\\/\\\/tourdepologneamatorow.pl\\\/wp-content\\\/uploads\\\/2025\\\/12\\\/OLTR-2025-BUKOVINA-Resort-Michal-Trzpis-126.jpg\",\"articleSection\":[\"News en\"],\"inLanguage\":\"en-US\"},{\"@type\":\"WebPage\",\"@id\":\"https:\\\/\\\/tourdepologneamatorow.pl\\\/en\\\/registration-for-the-orlen-lang-team-race-2026-a-road-cycling-race-series-for-amateurs-is-now-open\\\/\",\"url\":\"https:\\\/\\\/tourdepologneamatorow.pl\\\/en\\\/registration-for-the-orlen-lang-team-race-2026-a-road-cycling-race-series-for-amateurs-is-now-open\\\/\",\"name\":\"Registration for the ORLEN Lang Team Race 2026 \u2013 a road cycling race series for amateurs \u2013 is now open! - Tour de Pologne Amator\u00f3w\",\"isPartOf\":{\"@id\":\"https:\\\/\\\/tourdepologneamatorow.pl\\\/#website\"},\"primaryImageOfPage\":{\"@id\":\"https:\\\/\\\/tourdepologneamatorow.pl\\\/en\\\/registration-for-the-orlen-lang-team-race-2026-a-road-cycling-race-series-for-amateurs-is-now-open\\\/#primaryimage\"},\"image\":{\"@id\":\"https:\\\/\\\/tourdepologneamatorow.pl\\\/en\\\/registration-for-the-orlen-lang-team-race-2026-a-road-cycling-race-series-for-amateurs-is-now-open\\\/#primaryimage\"},\"thumbnailUrl\":\"https:\\\/\\\/tourdepologneamatorow.pl\\\/wp-content\\\/uploads\\\/2025\\\/12\\\/OLTR-2025-BUKOVINA-Resort-Michal-Trzpis-126.jpg\",\"datePublished\":\"2025-12-06T10:01:28+00:00\",\"dateModified\":\"2026-01-09T08:51:08+00:00\",\"breadcrumb\":{\"@id\":\"https:\\\/\\\/tourdepologneamatorow.pl\\\/en\\\/registration-for-the-orlen-lang-team-race-2026-a-road-cycling-race-series-for-amateurs-is-now-open\\\/#breadcrumb\"},\"inLanguage\":\"en-US\",\"potentialAction\":[{\"@type\":\"ReadAction\",\"target\":[\"https:\\\/\\\/tourdepologneamatorow.pl\\\/en\\\/registration-for-the-orlen-lang-team-race-2026-a-road-cycling-race-series-for-amateurs-is-now-open\\\/\"]}]},{\"@type\":\"ImageObject\",\"inLanguage\":\"en-US\",\"@id\":\"https:\\\/\\\/tourdepologneamatorow.pl\\\/en\\\/registration-for-the-orlen-lang-team-race-2026-a-road-cycling-race-series-for-amateurs-is-now-open\\\/#primaryimage\",\"url\":\"https:\\\/\\\/tourdepologneamatorow.pl\\\/wp-content\\\/uploads\\\/2025\\\/12\\\/OLTR-2025-BUKOVINA-Resort-Michal-Trzpis-126.jpg\",\"contentUrl\":\"https:\\\/\\\/tourdepologneamatorow.pl\\\/wp-content\\\/uploads\\\/2025\\\/12\\\/OLTR-2025-BUKOVINA-Resort-Michal-Trzpis-126.jpg\",\"width\":1280,\"height\":852},{\"@type\":\"BreadcrumbList\",\"@id\":\"https:\\\/\\\/tourdepologneamatorow.pl\\\/en\\\/registration-for-the-orlen-lang-team-race-2026-a-road-cycling-race-series-for-amateurs-is-now-open\\\/#breadcrumb\",\"itemListElement\":[{\"@type\":\"ListItem\",\"position\":1,\"name\":\"Strona g\u0142\u00f3wna\",\"item\":\"https:\\\/\\\/tourdepologneamatorow.pl\\\/en\\\/\"},{\"@type\":\"ListItem\",\"position\":2,\"name\":\"Registration for the ORLEN Lang Team Race 2026 \u2013 a road cycling race series for amateurs \u2013 is now open!\"}]},{\"@type\":\"WebSite\",\"@id\":\"https:\\\/\\\/tourdepologneamatorow.pl\\\/#website\",\"url\":\"https:\\\/\\\/tourdepologneamatorow.pl\\\/\",\"name\":\"Tour de Pologne Amator\u00f3w\",\"description\":\"Najwi\u0119kszy wy\u015bcig kolarski amator\u00f3w\",\"publisher\":{\"@id\":\"https:\\\/\\\/tourdepologneamatorow.pl\\\/#organization\"},\"potentialAction\":[{\"@type\":\"SearchAction\",\"target\":{\"@type\":\"EntryPoint\",\"urlTemplate\":\"https:\\\/\\\/tourdepologneamatorow.pl\\\/?s={search_term_string}\"},\"query-input\":{\"@type\":\"PropertyValueSpecification\",\"valueRequired\":true,\"valueName\":\"search_term_string\"}}],\"inLanguage\":\"en-US\"},{\"@type\":\"Organization\",\"@id\":\"https:\\\/\\\/tourdepologneamatorow.pl\\\/#organization\",\"name\":\"Tour de Pologne Amator\u00f3w\",\"url\":\"https:\\\/\\\/tourdepologneamatorow.pl\\\/\",\"logo\":{\"@type\":\"ImageObject\",\"inLanguage\":\"en-US\",\"@id\":\"https:\\\/\\\/tourdepologneamatorow.pl\\\/#\\\/schema\\\/logo\\\/image\\\/\",\"url\":\"https:\\\/\\\/tourdepologneamatorow.pl\\\/wp-content\\\/uploads\\\/2023\\\/03\\\/tdpa-2026-logo.png\",\"contentUrl\":\"https:\\\/\\\/tourdepologneamatorow.pl\\\/wp-content\\\/uploads\\\/2023\\\/03\\\/tdpa-2026-logo.png\",\"width\":800,\"height\":184,\"caption\":\"Tour de Pologne Amator\u00f3w\"},\"image\":{\"@id\":\"https:\\\/\\\/tourdepologneamatorow.pl\\\/#\\\/schema\\\/logo\\\/image\\\/\"}},{\"@type\":\"Person\",\"@id\":\"https:\\\/\\\/tourdepologneamatorow.pl\\\/#\\\/schema\\\/person\\\/9a9498241c5c6ccbbf6fa6b531430e96\",\"name\":\"Press\",\"image\":{\"@type\":\"ImageObject\",\"inLanguage\":\"en-US\",\"@id\":\"https:\\\/\\\/secure.gravatar.com\\\/avatar\\\/df62f2f515b6857a7626e7d733ea81e452163a8e46d8c1787c083c5dd0ee42df?s=96&d=mm&r=g\",\"url\":\"https:\\\/\\\/secure.gravatar.com\\\/avatar\\\/df62f2f515b6857a7626e7d733ea81e452163a8e46d8c1787c083c5dd0ee42df?s=96&d=mm&r=g\",\"contentUrl\":\"https:\\\/\\\/secure.gravatar.com\\\/avatar\\\/df62f2f515b6857a7626e7d733ea81e452163a8e46d8c1787c083c5dd0ee42df?s=96&d=mm&r=g\",\"caption\":\"Press\"},\"url\":\"https:\\\/\\\/tourdepologneamatorow.pl\\\/en\\\/author\\\/press\\\/\"}]}<\/script>\n<!-- \/ Yoast SEO plugin. -->","yoast_head_json":{"title":"Registration for the ORLEN Lang Team Race 2026 \u2013 a road cycling race series for amateurs \u2013 is now open! - Tour de Pologne Amator\u00f3w","robots":{"index":"index","follow":"follow","max-snippet":"max-snippet:-1","max-image-preview":"max-image-preview:large","max-video-preview":"max-video-preview:-1"},"canonical":"https:\/\/tourdepologneamatorow.pl\/en\/registration-for-the-orlen-lang-team-race-2026-a-road-cycling-race-series-for-amateurs-is-now-open\/","og_locale":"en_US","og_type":"article","og_title":"Registration for the ORLEN Lang Team Race 2026 \u2013 a road cycling race series for amateurs \u2013 is now open! - Tour de Pologne Amator\u00f3w","og_description":"The title sponsor of the event is ORLEN, and thanks to its professional organization, precise timekeeping, exceptional routes and the atmosphere of top-level racing, everyone can feel like a true pro here. The 2026 season promises to be even more exciting! In the previous edition, over 3,000 participants lined up shoulder to shoulder at the [&hellip;]","og_url":"https:\/\/tourdepologneamatorow.pl\/en\/registration-for-the-orlen-lang-team-race-2026-a-road-cycling-race-series-for-amateurs-is-now-open\/","og_site_name":"Tour de Pologne Amator\u00f3w","article_published_time":"2025-12-06T10:01:28+00:00","article_modified_time":"2026-01-09T08:51:08+00:00","og_image":[{"width":1280,"height":852,"url":"https:\/\/tourdepologneamatorow.pl\/wp-content\/uploads\/2025\/12\/OLTR-2025-BUKOVINA-Resort-Michal-Trzpis-126.jpg","type":"image\/jpeg"}],"author":"Press","twitter_card":"summary_large_image","twitter_misc":{"Written by":"Press","Est. reading time":"4 minutes"},"schema":{"@context":"https:\/\/schema.org","@graph":[{"@type":"Article","@id":"https:\/\/tourdepologneamatorow.pl\/en\/registration-for-the-orlen-lang-team-race-2026-a-road-cycling-race-series-for-amateurs-is-now-open\/#article","isPartOf":{"@id":"https:\/\/tourdepologneamatorow.pl\/en\/registration-for-the-orlen-lang-team-race-2026-a-road-cycling-race-series-for-amateurs-is-now-open\/"},"author":{"name":"Press","@id":"https:\/\/tourdepologneamatorow.pl\/#\/schema\/person\/9a9498241c5c6ccbbf6fa6b531430e96"},"headline":"Registration for the ORLEN Lang Team Race 2026 \u2013 a road cycling race series for amateurs \u2013 is now open!","datePublished":"2025-12-06T10:01:28+00:00","dateModified":"2026-01-09T08:51:08+00:00","mainEntityOfPage":{"@id":"https:\/\/tourdepologneamatorow.pl\/en\/registration-for-the-orlen-lang-team-race-2026-a-road-cycling-race-series-for-amateurs-is-now-open\/"},"wordCount":598,"publisher":{"@id":"https:\/\/tourdepologneamatorow.pl\/#organization"},"image":{"@id":"https:\/\/tourdepologneamatorow.pl\/en\/registration-for-the-orlen-lang-team-race-2026-a-road-cycling-race-series-for-amateurs-is-now-open\/#primaryimage"},"thumbnailUrl":"https:\/\/tourdepologneamatorow.pl\/wp-content\/uploads\/2025\/12\/OLTR-2025-BUKOVINA-Resort-Michal-Trzpis-126.jpg","articleSection":["News en"],"inLanguage":"en-US"},{"@type":"WebPage","@id":"https:\/\/tourdepologneamatorow.pl\/en\/registration-for-the-orlen-lang-team-race-2026-a-road-cycling-race-series-for-amateurs-is-now-open\/","url":"https:\/\/tourdepologneamatorow.pl\/en\/registration-for-the-orlen-lang-team-race-2026-a-road-cycling-race-series-for-amateurs-is-now-open\/","name":"Registration for the ORLEN Lang Team Race 2026 \u2013 a road cycling race series for amateurs \u2013 is now open! - Tour de Pologne Amator\u00f3w","isPartOf":{"@id":"https:\/\/tourdepologneamatorow.pl\/#website"},"primaryImageOfPage":{"@id":"https:\/\/tourdepologneamatorow.pl\/en\/registration-for-the-orlen-lang-team-race-2026-a-road-cycling-race-series-for-amateurs-is-now-open\/#primaryimage"},"image":{"@id":"https:\/\/tourdepologneamatorow.pl\/en\/registration-for-the-orlen-lang-team-race-2026-a-road-cycling-race-series-for-amateurs-is-now-open\/#primaryimage"},"thumbnailUrl":"https:\/\/tourdepologneamatorow.pl\/wp-content\/uploads\/2025\/12\/OLTR-2025-BUKOVINA-Resort-Michal-Trzpis-126.jpg","datePublished":"2025-12-06T10:01:28+00:00","dateModified":"2026-01-09T08:51:08+00:00","breadcrumb":{"@id":"https:\/\/tourdepologneamatorow.pl\/en\/registration-for-the-orlen-lang-team-race-2026-a-road-cycling-race-series-for-amateurs-is-now-open\/#breadcrumb"},"inLanguage":"en-US","potentialAction":[{"@type":"ReadAction","target":["https:\/\/tourdepologneamatorow.pl\/en\/registration-for-the-orlen-lang-team-race-2026-a-road-cycling-race-series-for-amateurs-is-now-open\/"]}]},{"@type":"ImageObject","inLanguage":"en-US","@id":"https:\/\/tourdepologneamatorow.pl\/en\/registration-for-the-orlen-lang-team-race-2026-a-road-cycling-race-series-for-amateurs-is-now-open\/#primaryimage","url":"https:\/\/tourdepologneamatorow.pl\/wp-content\/uploads\/2025\/12\/OLTR-2025-BUKOVINA-Resort-Michal-Trzpis-126.jpg","contentUrl":"https:\/\/tourdepologneamatorow.pl\/wp-content\/uploads\/2025\/12\/OLTR-2025-BUKOVINA-Resort-Michal-Trzpis-126.jpg","width":1280,"height":852},{"@type":"BreadcrumbList","@id":"https:\/\/tourdepologneamatorow.pl\/en\/registration-for-the-orlen-lang-team-race-2026-a-road-cycling-race-series-for-amateurs-is-now-open\/#breadcrumb","itemListElement":[{"@type":"ListItem","position":1,"name":"Strona g\u0142\u00f3wna","item":"https:\/\/tourdepologneamatorow.pl\/en\/"},{"@type":"ListItem","position":2,"name":"Registration for the ORLEN Lang Team Race 2026 \u2013 a road cycling race series for amateurs \u2013 is now open!"}]},{"@type":"WebSite","@id":"https:\/\/tourdepologneamatorow.pl\/#website","url":"https:\/\/tourdepologneamatorow.pl\/","name":"Tour de Pologne Amator\u00f3w","description":"Najwi\u0119kszy wy\u015bcig kolarski amator\u00f3w","publisher":{"@id":"https:\/\/tourdepologneamatorow.pl\/#organization"},"potentialAction":[{"@type":"SearchAction","target":{"@type":"EntryPoint","urlTemplate":"https:\/\/tourdepologneamatorow.pl\/?s={search_term_string}"},"query-input":{"@type":"PropertyValueSpecification","valueRequired":true,"valueName":"search_term_string"}}],"inLanguage":"en-US"},{"@type":"Organization","@id":"https:\/\/tourdepologneamatorow.pl\/#organization","name":"Tour de Pologne Amator\u00f3w","url":"https:\/\/tourdepologneamatorow.pl\/","logo":{"@type":"ImageObject","inLanguage":"en-US","@id":"https:\/\/tourdepologneamatorow.pl\/#\/schema\/logo\/image\/","url":"https:\/\/tourdepologneamatorow.pl\/wp-content\/uploads\/2023\/03\/tdpa-2026-logo.png","contentUrl":"https:\/\/tourdepologneamatorow.pl\/wp-content\/uploads\/2023\/03\/tdpa-2026-logo.png","width":800,"height":184,"caption":"Tour de Pologne Amator\u00f3w"},"image":{"@id":"https:\/\/tourdepologneamatorow.pl\/#\/schema\/logo\/image\/"}},{"@type":"Person","@id":"https:\/\/tourdepologneamatorow.pl\/#\/schema\/person\/9a9498241c5c6ccbbf6fa6b531430e96","name":"Press","image":{"@type":"ImageObject","inLanguage":"en-US","@id":"https:\/\/secure.gravatar.com\/avatar\/df62f2f515b6857a7626e7d733ea81e452163a8e46d8c1787c083c5dd0ee42df?s=96&d=mm&r=g","url":"https:\/\/secure.gravatar.com\/avatar\/df62f2f515b6857a7626e7d733ea81e452163a8e46d8c1787c083c5dd0ee42df?s=96&d=mm&r=g","contentUrl":"https:\/\/secure.gravatar.com\/avatar\/df62f2f515b6857a7626e7d733ea81e452163a8e46d8c1787c083c5dd0ee42df?s=96&d=mm&r=g","caption":"Press"},"url":"https:\/\/tourdepologneamatorow.pl\/en\/author\/press\/"}]}},"_links":{"self":[{"href":"https:\/\/tourdepologneamatorow.pl\/en\/wp-json\/wp\/v2\/posts\/12038","targetHints":{"allow":["GET"]}}],"collection":[{"href":"https:\/\/tourdepologneamatorow.pl\/en\/wp-json\/wp\/v2\/posts"}],"about":[{"href":"https:\/\/tourdepologneamatorow.pl\/en\/wp-json\/wp\/v2\/types\/post"}],"author":[{"embeddable":true,"href":"https:\/\/tourdepologneamatorow.pl\/en\/wp-json\/wp\/v2\/users\/4"}],"replies":[{"embeddable":true,"href":"https:\/\/tourdepologneamatorow.pl\/en\/wp-json\/wp\/v2\/comments?post=12038"}],"version-history":[{"count":2,"href":"https:\/\/tourdepologneamatorow.pl\/en\/wp-json\/wp\/v2\/posts\/12038\/revisions"}],"predecessor-version":[{"id":12040,"href":"https:\/\/tourdepologneamatorow.pl\/en\/wp-json\/wp\/v2\/posts\/12038\/revisions\/12040"}],"wp:featuredmedia":[{"embeddable":true,"href":"https:\/\/tourdepologneamatorow.pl\/en\/wp-json\/wp\/v2\/media\/12035"}],"wp:attachment":[{"href":"https:\/\/tourdepologneamatorow.pl\/en\/wp-json\/wp\/v2\/media?parent=12038"}],"wp:term":[{"taxonomy":"category","embeddable":true,"href":"https:\/\/tourdepologneamatorow.pl\/en\/wp-json\/wp\/v2\/categories?post=12038"},{"taxonomy":"post_tag","embeddable":true,"href":"https:\/\/tourdepologneamatorow.pl\/en\/wp-json\/wp\/v2\/tags?post=12038"}],"curies":[{"name":"wp","href":"https:\/\/api.w.org\/{rel}","templated":true}]}}