{"id":11960,"date":"2025-11-27T19:49:36","date_gmt":"2025-11-27T18:49:36","guid":{"rendered":"https:\/\/tourdepologneamatorow.pl\/?p=11960"},"modified":"2025-12-06T11:03:27","modified_gmt":"2025-12-06T10:03:27","slug":"cycling-excitement-is-back-join-us-at-the-orlen-lang-team-race","status":"publish","type":"post","link":"https:\/\/tourdepologneamatorow.pl\/en\/cycling-excitement-is-back-join-us-at-the-orlen-lang-team-race\/","title":{"rendered":"Cycling excitement is back! Join us at the ORLEN Lang Team Race!"},"content":{"rendered":"<p>We can\u2019t wait for the new season to begin! Last year, the ORLEN Lang Team Race brought us unforgettable sporting emotions. Over 3,000 participants stood side by side at the start line, taking on some of the most challenging cycling routes in Poland. It\u2019s you who create the unique atmosphere of these races \u2014 full of passion, competition, and great energy that can be felt in every kilometer.<\/p>\n<p>Now we\u2019re gearing up for the next step!\u00a0<strong>Registration opens in December<\/strong>, so stay tuned and be sure to follow our website and updates. We don\u2019t want anyone to miss out!<\/p>\n<p>The 2026 season brings us three special locations, ready once again to test your legs, mind, and perseverance:<\/p>\n<ul>\n<li><strong>Hotel Ar\u0142am\u00f3w \u2013 16.05.2026<\/strong><\/li>\n<li><strong>BUKOVINA Resort \u2013 08.08.2026 (ORLEN Tour de Pologne Amateurs)\u00a0<\/strong><\/li>\n<li><strong>Byt\u00f3w \u2013 19.09.2026<\/strong><\/li>\n<\/ul>\n<p>And here\u2019s a little teaser: this year we\u2019re preparing something extra! We\u2019re partnering with Decathlon Go! Together, we\u2019ll bring even more exciting solutions and attractions just for you. We\u2019ll reveal the details soon, so stay tuned!<\/p>\n<p>Three events, three unique locations, and a huge dose of emotions that we create together. Get ready and join the biggest amateur cycling event in Poland!<\/p>\n","protected":false},"excerpt":{"rendered":"<p>We can\u2019t wait for the new season to begin! Last year, the ORLEN Lang Team Race brought us unforgettable sporting emotions. Over 3,000 participants stood side by side at the start line, taking on some of the most challenging cycling routes in Poland. It\u2019s you who create the unique atmosphere of these races \u2014 full [&hellip;]<\/p>\n","protected":false},"author":4,"featured_media":11951,"comment_status":"closed","ping_status":"closed","sticky":false,"template":"","format":"standard","meta":{"_acf_changed":false,"footnotes":""},"categories":[158],"tags":[],"class_list":["post-11960","post","type-post","status-publish","format-standard","has-post-thumbnail","hentry","category-news-en"],"acf":[],"yoast_head":"<!-- This site is optimized with the Yoast SEO plugin v27.5 - https:\/\/yoast.com\/product\/yoast-seo-wordpress\/ -->\n<title>Cycling excitement is back! Join us at the ORLEN Lang Team Race! - Tour de Pologne Amator\u00f3w<\/title>\n<meta name=\"robots\" content=\"index, follow, max-snippet:-1, max-image-preview:large, max-video-preview:-1\" \/>\n<link rel=\"canonical\" href=\"https:\/\/tourdepologneamatorow.pl\/en\/cycling-excitement-is-back-join-us-at-the-orlen-lang-team-race\/\" \/>\n<meta property=\"og:locale\" content=\"en_US\" \/>\n<meta property=\"og:type\" content=\"article\" \/>\n<meta property=\"og:title\" content=\"Cycling excitement is back! Join us at the ORLEN Lang Team Race! - Tour de Pologne Amator\u00f3w\" \/>\n<meta property=\"og:description\" content=\"We can\u2019t wait for the new season to begin! Last year, the ORLEN Lang Team Race brought us unforgettable sporting emotions. Over 3,000 participants stood side by side at the start line, taking on some of the most challenging cycling routes in Poland. It\u2019s you who create the unique atmosphere of these races \u2014 full [&hellip;]\" \/>\n<meta property=\"og:url\" content=\"https:\/\/tourdepologneamatorow.pl\/en\/cycling-excitement-is-back-join-us-at-the-orlen-lang-team-race\/\" \/>\n<meta property=\"og:site_name\" content=\"Tour de Pologne Amator\u00f3w\" \/>\n<meta property=\"article:published_time\" content=\"2025-11-27T18:49:36+00:00\" \/>\n<meta property=\"article:modified_time\" content=\"2025-12-06T10:03:27+00:00\" \/>\n<meta property=\"og:image\" content=\"https:\/\/tourdepologneamatorow.pl\/wp-content\/uploads\/2025\/11\/OLTR-2025-BUKOVINA-Resort-Michal-Trzpis-315.jpg\" \/>\n\t<meta property=\"og:image:width\" content=\"1280\" \/>\n\t<meta property=\"og:image:height\" content=\"852\" \/>\n\t<meta property=\"og:image:type\" content=\"image\/jpeg\" \/>\n<meta name=\"author\" content=\"Press\" \/>\n<meta name=\"twitter:card\" content=\"summary_large_image\" \/>\n<meta name=\"twitter:label1\" content=\"Written by\" \/>\n\t<meta name=\"twitter:data1\" content=\"Press\" \/>\n\t<meta name=\"twitter:label2\" content=\"Est. reading time\" \/>\n\t<meta name=\"twitter:data2\" content=\"2 minutes\" \/>\n<script type=\"application\/ld+json\" class=\"yoast-schema-graph\">{\"@context\":\"https:\\\/\\\/schema.org\",\"@graph\":[{\"@type\":\"Article\",\"@id\":\"https:\\\/\\\/tourdepologneamatorow.pl\\\/en\\\/cycling-excitement-is-back-join-us-at-the-orlen-lang-team-race\\\/#article\",\"isPartOf\":{\"@id\":\"https:\\\/\\\/tourdepologneamatorow.pl\\\/en\\\/cycling-excitement-is-back-join-us-at-the-orlen-lang-team-race\\\/\"},\"author\":{\"name\":\"Press\",\"@id\":\"https:\\\/\\\/tourdepologneamatorow.pl\\\/#\\\/schema\\\/person\\\/9a9498241c5c6ccbbf6fa6b531430e96\"},\"headline\":\"Cycling excitement is back! Join us at the ORLEN Lang Team Race!\",\"datePublished\":\"2025-11-27T18:49:36+00:00\",\"dateModified\":\"2025-12-06T10:03:27+00:00\",\"mainEntityOfPage\":{\"@id\":\"https:\\\/\\\/tourdepologneamatorow.pl\\\/en\\\/cycling-excitement-is-back-join-us-at-the-orlen-lang-team-race\\\/\"},\"wordCount\":210,\"publisher\":{\"@id\":\"https:\\\/\\\/tourdepologneamatorow.pl\\\/#organization\"},\"image\":{\"@id\":\"https:\\\/\\\/tourdepologneamatorow.pl\\\/en\\\/cycling-excitement-is-back-join-us-at-the-orlen-lang-team-race\\\/#primaryimage\"},\"thumbnailUrl\":\"https:\\\/\\\/tourdepologneamatorow.pl\\\/wp-content\\\/uploads\\\/2025\\\/11\\\/OLTR-2025-BUKOVINA-Resort-Michal-Trzpis-315.jpg\",\"articleSection\":[\"News en\"],\"inLanguage\":\"en-US\"},{\"@type\":\"WebPage\",\"@id\":\"https:\\\/\\\/tourdepologneamatorow.pl\\\/en\\\/cycling-excitement-is-back-join-us-at-the-orlen-lang-team-race\\\/\",\"url\":\"https:\\\/\\\/tourdepologneamatorow.pl\\\/en\\\/cycling-excitement-is-back-join-us-at-the-orlen-lang-team-race\\\/\",\"name\":\"Cycling excitement is back! Join us at the ORLEN Lang Team Race! - Tour de Pologne Amator\u00f3w\",\"isPartOf\":{\"@id\":\"https:\\\/\\\/tourdepologneamatorow.pl\\\/#website\"},\"primaryImageOfPage\":{\"@id\":\"https:\\\/\\\/tourdepologneamatorow.pl\\\/en\\\/cycling-excitement-is-back-join-us-at-the-orlen-lang-team-race\\\/#primaryimage\"},\"image\":{\"@id\":\"https:\\\/\\\/tourdepologneamatorow.pl\\\/en\\\/cycling-excitement-is-back-join-us-at-the-orlen-lang-team-race\\\/#primaryimage\"},\"thumbnailUrl\":\"https:\\\/\\\/tourdepologneamatorow.pl\\\/wp-content\\\/uploads\\\/2025\\\/11\\\/OLTR-2025-BUKOVINA-Resort-Michal-Trzpis-315.jpg\",\"datePublished\":\"2025-11-27T18:49:36+00:00\",\"dateModified\":\"2025-12-06T10:03:27+00:00\",\"breadcrumb\":{\"@id\":\"https:\\\/\\\/tourdepologneamatorow.pl\\\/en\\\/cycling-excitement-is-back-join-us-at-the-orlen-lang-team-race\\\/#breadcrumb\"},\"inLanguage\":\"en-US\",\"potentialAction\":[{\"@type\":\"ReadAction\",\"target\":[\"https:\\\/\\\/tourdepologneamatorow.pl\\\/en\\\/cycling-excitement-is-back-join-us-at-the-orlen-lang-team-race\\\/\"]}]},{\"@type\":\"ImageObject\",\"inLanguage\":\"en-US\",\"@id\":\"https:\\\/\\\/tourdepologneamatorow.pl\\\/en\\\/cycling-excitement-is-back-join-us-at-the-orlen-lang-team-race\\\/#primaryimage\",\"url\":\"https:\\\/\\\/tourdepologneamatorow.pl\\\/wp-content\\\/uploads\\\/2025\\\/11\\\/OLTR-2025-BUKOVINA-Resort-Michal-Trzpis-315.jpg\",\"contentUrl\":\"https:\\\/\\\/tourdepologneamatorow.pl\\\/wp-content\\\/uploads\\\/2025\\\/11\\\/OLTR-2025-BUKOVINA-Resort-Michal-Trzpis-315.jpg\",\"width\":1280,\"height\":852},{\"@type\":\"BreadcrumbList\",\"@id\":\"https:\\\/\\\/tourdepologneamatorow.pl\\\/en\\\/cycling-excitement-is-back-join-us-at-the-orlen-lang-team-race\\\/#breadcrumb\",\"itemListElement\":[{\"@type\":\"ListItem\",\"position\":1,\"name\":\"Strona g\u0142\u00f3wna\",\"item\":\"https:\\\/\\\/tourdepologneamatorow.pl\\\/en\\\/\"},{\"@type\":\"ListItem\",\"position\":2,\"name\":\"Cycling excitement is back! Join us at the ORLEN Lang Team Race!\"}]},{\"@type\":\"WebSite\",\"@id\":\"https:\\\/\\\/tourdepologneamatorow.pl\\\/#website\",\"url\":\"https:\\\/\\\/tourdepologneamatorow.pl\\\/\",\"name\":\"Tour de Pologne Amator\u00f3w\",\"description\":\"Najwi\u0119kszy wy\u015bcig kolarski amator\u00f3w\",\"publisher\":{\"@id\":\"https:\\\/\\\/tourdepologneamatorow.pl\\\/#organization\"},\"potentialAction\":[{\"@type\":\"SearchAction\",\"target\":{\"@type\":\"EntryPoint\",\"urlTemplate\":\"https:\\\/\\\/tourdepologneamatorow.pl\\\/?s={search_term_string}\"},\"query-input\":{\"@type\":\"PropertyValueSpecification\",\"valueRequired\":true,\"valueName\":\"search_term_string\"}}],\"inLanguage\":\"en-US\"},{\"@type\":\"Organization\",\"@id\":\"https:\\\/\\\/tourdepologneamatorow.pl\\\/#organization\",\"name\":\"Tour de Pologne Amator\u00f3w\",\"url\":\"https:\\\/\\\/tourdepologneamatorow.pl\\\/\",\"logo\":{\"@type\":\"ImageObject\",\"inLanguage\":\"en-US\",\"@id\":\"https:\\\/\\\/tourdepologneamatorow.pl\\\/#\\\/schema\\\/logo\\\/image\\\/\",\"url\":\"https:\\\/\\\/tourdepologneamatorow.pl\\\/wp-content\\\/uploads\\\/2023\\\/03\\\/tdpa-2026-logo.png\",\"contentUrl\":\"https:\\\/\\\/tourdepologneamatorow.pl\\\/wp-content\\\/uploads\\\/2023\\\/03\\\/tdpa-2026-logo.png\",\"width\":800,\"height\":184,\"caption\":\"Tour de Pologne Amator\u00f3w\"},\"image\":{\"@id\":\"https:\\\/\\\/tourdepologneamatorow.pl\\\/#\\\/schema\\\/logo\\\/image\\\/\"}},{\"@type\":\"Person\",\"@id\":\"https:\\\/\\\/tourdepologneamatorow.pl\\\/#\\\/schema\\\/person\\\/9a9498241c5c6ccbbf6fa6b531430e96\",\"name\":\"Press\",\"image\":{\"@type\":\"ImageObject\",\"inLanguage\":\"en-US\",\"@id\":\"https:\\\/\\\/secure.gravatar.com\\\/avatar\\\/df62f2f515b6857a7626e7d733ea81e452163a8e46d8c1787c083c5dd0ee42df?s=96&d=mm&r=g\",\"url\":\"https:\\\/\\\/secure.gravatar.com\\\/avatar\\\/df62f2f515b6857a7626e7d733ea81e452163a8e46d8c1787c083c5dd0ee42df?s=96&d=mm&r=g\",\"contentUrl\":\"https:\\\/\\\/secure.gravatar.com\\\/avatar\\\/df62f2f515b6857a7626e7d733ea81e452163a8e46d8c1787c083c5dd0ee42df?s=96&d=mm&r=g\",\"caption\":\"Press\"},\"url\":\"https:\\\/\\\/tourdepologneamatorow.pl\\\/en\\\/author\\\/press\\\/\"}]}<\/script>\n<!-- \/ Yoast SEO plugin. -->","yoast_head_json":{"title":"Cycling excitement is back! Join us at the ORLEN Lang Team Race! - Tour de Pologne Amator\u00f3w","robots":{"index":"index","follow":"follow","max-snippet":"max-snippet:-1","max-image-preview":"max-image-preview:large","max-video-preview":"max-video-preview:-1"},"canonical":"https:\/\/tourdepologneamatorow.pl\/en\/cycling-excitement-is-back-join-us-at-the-orlen-lang-team-race\/","og_locale":"en_US","og_type":"article","og_title":"Cycling excitement is back! Join us at the ORLEN Lang Team Race! - Tour de Pologne Amator\u00f3w","og_description":"We can\u2019t wait for the new season to begin! Last year, the ORLEN Lang Team Race brought us unforgettable sporting emotions. Over 3,000 participants stood side by side at the start line, taking on some of the most challenging cycling routes in Poland. It\u2019s you who create the unique atmosphere of these races \u2014 full [&hellip;]","og_url":"https:\/\/tourdepologneamatorow.pl\/en\/cycling-excitement-is-back-join-us-at-the-orlen-lang-team-race\/","og_site_name":"Tour de Pologne Amator\u00f3w","article_published_time":"2025-11-27T18:49:36+00:00","article_modified_time":"2025-12-06T10:03:27+00:00","og_image":[{"width":1280,"height":852,"url":"https:\/\/tourdepologneamatorow.pl\/wp-content\/uploads\/2025\/11\/OLTR-2025-BUKOVINA-Resort-Michal-Trzpis-315.jpg","type":"image\/jpeg"}],"author":"Press","twitter_card":"summary_large_image","twitter_misc":{"Written by":"Press","Est. reading time":"2 minutes"},"schema":{"@context":"https:\/\/schema.org","@graph":[{"@type":"Article","@id":"https:\/\/tourdepologneamatorow.pl\/en\/cycling-excitement-is-back-join-us-at-the-orlen-lang-team-race\/#article","isPartOf":{"@id":"https:\/\/tourdepologneamatorow.pl\/en\/cycling-excitement-is-back-join-us-at-the-orlen-lang-team-race\/"},"author":{"name":"Press","@id":"https:\/\/tourdepologneamatorow.pl\/#\/schema\/person\/9a9498241c5c6ccbbf6fa6b531430e96"},"headline":"Cycling excitement is back! Join us at the ORLEN Lang Team Race!","datePublished":"2025-11-27T18:49:36+00:00","dateModified":"2025-12-06T10:03:27+00:00","mainEntityOfPage":{"@id":"https:\/\/tourdepologneamatorow.pl\/en\/cycling-excitement-is-back-join-us-at-the-orlen-lang-team-race\/"},"wordCount":210,"publisher":{"@id":"https:\/\/tourdepologneamatorow.pl\/#organization"},"image":{"@id":"https:\/\/tourdepologneamatorow.pl\/en\/cycling-excitement-is-back-join-us-at-the-orlen-lang-team-race\/#primaryimage"},"thumbnailUrl":"https:\/\/tourdepologneamatorow.pl\/wp-content\/uploads\/2025\/11\/OLTR-2025-BUKOVINA-Resort-Michal-Trzpis-315.jpg","articleSection":["News en"],"inLanguage":"en-US"},{"@type":"WebPage","@id":"https:\/\/tourdepologneamatorow.pl\/en\/cycling-excitement-is-back-join-us-at-the-orlen-lang-team-race\/","url":"https:\/\/tourdepologneamatorow.pl\/en\/cycling-excitement-is-back-join-us-at-the-orlen-lang-team-race\/","name":"Cycling excitement is back! Join us at the ORLEN Lang Team Race! - Tour de Pologne Amator\u00f3w","isPartOf":{"@id":"https:\/\/tourdepologneamatorow.pl\/#website"},"primaryImageOfPage":{"@id":"https:\/\/tourdepologneamatorow.pl\/en\/cycling-excitement-is-back-join-us-at-the-orlen-lang-team-race\/#primaryimage"},"image":{"@id":"https:\/\/tourdepologneamatorow.pl\/en\/cycling-excitement-is-back-join-us-at-the-orlen-lang-team-race\/#primaryimage"},"thumbnailUrl":"https:\/\/tourdepologneamatorow.pl\/wp-content\/uploads\/2025\/11\/OLTR-2025-BUKOVINA-Resort-Michal-Trzpis-315.jpg","datePublished":"2025-11-27T18:49:36+00:00","dateModified":"2025-12-06T10:03:27+00:00","breadcrumb":{"@id":"https:\/\/tourdepologneamatorow.pl\/en\/cycling-excitement-is-back-join-us-at-the-orlen-lang-team-race\/#breadcrumb"},"inLanguage":"en-US","potentialAction":[{"@type":"ReadAction","target":["https:\/\/tourdepologneamatorow.pl\/en\/cycling-excitement-is-back-join-us-at-the-orlen-lang-team-race\/"]}]},{"@type":"ImageObject","inLanguage":"en-US","@id":"https:\/\/tourdepologneamatorow.pl\/en\/cycling-excitement-is-back-join-us-at-the-orlen-lang-team-race\/#primaryimage","url":"https:\/\/tourdepologneamatorow.pl\/wp-content\/uploads\/2025\/11\/OLTR-2025-BUKOVINA-Resort-Michal-Trzpis-315.jpg","contentUrl":"https:\/\/tourdepologneamatorow.pl\/wp-content\/uploads\/2025\/11\/OLTR-2025-BUKOVINA-Resort-Michal-Trzpis-315.jpg","width":1280,"height":852},{"@type":"BreadcrumbList","@id":"https:\/\/tourdepologneamatorow.pl\/en\/cycling-excitement-is-back-join-us-at-the-orlen-lang-team-race\/#breadcrumb","itemListElement":[{"@type":"ListItem","position":1,"name":"Strona g\u0142\u00f3wna","item":"https:\/\/tourdepologneamatorow.pl\/en\/"},{"@type":"ListItem","position":2,"name":"Cycling excitement is back! Join us at the ORLEN Lang Team Race!"}]},{"@type":"WebSite","@id":"https:\/\/tourdepologneamatorow.pl\/#website","url":"https:\/\/tourdepologneamatorow.pl\/","name":"Tour de Pologne Amator\u00f3w","description":"Najwi\u0119kszy wy\u015bcig kolarski amator\u00f3w","publisher":{"@id":"https:\/\/tourdepologneamatorow.pl\/#organization"},"potentialAction":[{"@type":"SearchAction","target":{"@type":"EntryPoint","urlTemplate":"https:\/\/tourdepologneamatorow.pl\/?s={search_term_string}"},"query-input":{"@type":"PropertyValueSpecification","valueRequired":true,"valueName":"search_term_string"}}],"inLanguage":"en-US"},{"@type":"Organization","@id":"https:\/\/tourdepologneamatorow.pl\/#organization","name":"Tour de Pologne Amator\u00f3w","url":"https:\/\/tourdepologneamatorow.pl\/","logo":{"@type":"ImageObject","inLanguage":"en-US","@id":"https:\/\/tourdepologneamatorow.pl\/#\/schema\/logo\/image\/","url":"https:\/\/tourdepologneamatorow.pl\/wp-content\/uploads\/2023\/03\/tdpa-2026-logo.png","contentUrl":"https:\/\/tourdepologneamatorow.pl\/wp-content\/uploads\/2023\/03\/tdpa-2026-logo.png","width":800,"height":184,"caption":"Tour de Pologne Amator\u00f3w"},"image":{"@id":"https:\/\/tourdepologneamatorow.pl\/#\/schema\/logo\/image\/"}},{"@type":"Person","@id":"https:\/\/tourdepologneamatorow.pl\/#\/schema\/person\/9a9498241c5c6ccbbf6fa6b531430e96","name":"Press","image":{"@type":"ImageObject","inLanguage":"en-US","@id":"https:\/\/secure.gravatar.com\/avatar\/df62f2f515b6857a7626e7d733ea81e452163a8e46d8c1787c083c5dd0ee42df?s=96&d=mm&r=g","url":"https:\/\/secure.gravatar.com\/avatar\/df62f2f515b6857a7626e7d733ea81e452163a8e46d8c1787c083c5dd0ee42df?s=96&d=mm&r=g","contentUrl":"https:\/\/secure.gravatar.com\/avatar\/df62f2f515b6857a7626e7d733ea81e452163a8e46d8c1787c083c5dd0ee42df?s=96&d=mm&r=g","caption":"Press"},"url":"https:\/\/tourdepologneamatorow.pl\/en\/author\/press\/"}]}},"_links":{"self":[{"href":"https:\/\/tourdepologneamatorow.pl\/en\/wp-json\/wp\/v2\/posts\/11960","targetHints":{"allow":["GET"]}}],"collection":[{"href":"https:\/\/tourdepologneamatorow.pl\/en\/wp-json\/wp\/v2\/posts"}],"about":[{"href":"https:\/\/tourdepologneamatorow.pl\/en\/wp-json\/wp\/v2\/types\/post"}],"author":[{"embeddable":true,"href":"https:\/\/tourdepologneamatorow.pl\/en\/wp-json\/wp\/v2\/users\/4"}],"replies":[{"embeddable":true,"href":"https:\/\/tourdepologneamatorow.pl\/en\/wp-json\/wp\/v2\/comments?post=11960"}],"version-history":[{"count":7,"href":"https:\/\/tourdepologneamatorow.pl\/en\/wp-json\/wp\/v2\/posts\/11960\/revisions"}],"predecessor-version":[{"id":11979,"href":"https:\/\/tourdepologneamatorow.pl\/en\/wp-json\/wp\/v2\/posts\/11960\/revisions\/11979"}],"wp:featuredmedia":[{"embeddable":true,"href":"https:\/\/tourdepologneamatorow.pl\/en\/wp-json\/wp\/v2\/media\/11951"}],"wp:attachment":[{"href":"https:\/\/tourdepologneamatorow.pl\/en\/wp-json\/wp\/v2\/media?parent=11960"}],"wp:term":[{"taxonomy":"category","embeddable":true,"href":"https:\/\/tourdepologneamatorow.pl\/en\/wp-json\/wp\/v2\/categories?post=11960"},{"taxonomy":"post_tag","embeddable":true,"href":"https:\/\/tourdepologneamatorow.pl\/en\/wp-json\/wp\/v2\/tags?post=11960"}],"curies":[{"name":"wp","href":"https:\/\/api.w.org\/{rel}","templated":true}]}}