{"id":11930,"date":"2025-11-05T11:23:02","date_gmt":"2025-11-05T10:23:02","guid":{"rendered":"https:\/\/tourdepologneamatorow.pl\/?p=11930"},"modified":"2025-11-27T19:49:56","modified_gmt":"2025-11-27T18:49:56","slug":"orlen-lang-team-race-2025-series-comes-to-an-end","status":"publish","type":"post","link":"https:\/\/tourdepologneamatorow.pl\/en\/orlen-lang-team-race-2025-series-comes-to-an-end\/","title":{"rendered":"ORLEN Lang Team Race 2025 Series Comes to an End!"},"content":{"rendered":"<p><strong>Another thrilling season of amateur cycling under the banner of ORLEN Lang Team Race has come to a close. In 2025, the series featured three events \u2013 in Ar\u0142am\u00f3w, Bukowina Tatrza\u0144ska, and Byt\u00f3w. Several thousand riders took part, including more than two thousand participants in the ORLEN Tour de Pologne Amateurs \u2013 Ryszard Szurkowski Memorial.<\/strong><\/p>\n<p>Once again, cycling enthusiasts had the opportunity to take part in ORLEN Lang Team Race and ORLEN Tour de Pologne Amateurs events. Each race was marked by a unique sporting atmosphere, professional organization, and comprehensive safety measures.<\/p>\n<p>The season kicked off in Ar\u0142am\u00f3w, where cyclists faced a demanding route through the picturesque Bieszczady region near Hotel Ar\u0142am\u00f3w. The event had a special meaning, coinciding with the 70th birthday of Czes\u0142aw Lang and the ORLEN Nations Grand Prix, showcasing some of the most promising young riders.<\/p>\n<p>The second event traditionally took place as the ORLEN Tour de Pologne Amateurs \u2013 Ryszard Szurkowski Memorial, honoring the legendary Polish cyclist, four-time Peace Race winner, and medalist at the World Championships and Olympic Games. The competition was held around BUKOVINA Resort, with participants tackling a challenging circuit featuring the famous Harna\u015b and BUKOVINA Walls in Rzepiska and Gliczar\u00f3w G\u00f3rny. Just a few hours later, the same demanding roads hosted the world\u2019s best professionals competing in the Tour de Pologne UCI WorldTour.<\/p>\n<p>The grand finale of the series took place in Byt\u00f3w, Czes\u0142aw Lang\u2019s hometown. The amateur race was combined with the Family Parade \u201cIn the Footsteps of Czes\u0142aw Lang,\u201d creating a friendly and festive cycling celebration for all generations.<\/p>\n<p><em>\u201cI\u2019m very happy that once again we\u2019ve attracted so many passionate cyclists to our races, giving them the opportunity to compete in professionally organized events held in some of the most beautiful regions of Poland\u201d<\/em> said Czes\u0142aw Lang, General Director of Lang Team.<\/p>\n<p><em>\u201cI\u2019m especially pleased to see such strong interest in the ORLEN Lang Team Race events and that more and more Poles are choosing cycling as a form of recreation. Our races combine active leisure with fair play competition. We\u2019re already planning next year\u2019s editions of the ORLEN Lang Team Race series!\u201d<\/em> added Czes\u0142aw Lang.<\/p>\n","protected":false},"excerpt":{"rendered":"<p>Another thrilling season of amateur cycling under the banner of ORLEN Lang Team Race has come to a close. In 2025, the series featured three events \u2013 in Ar\u0142am\u00f3w, Bukowina Tatrza\u0144ska, and Byt\u00f3w. Several thousand riders took part, including more than two thousand participants in the ORLEN Tour de Pologne Amateurs \u2013 Ryszard Szurkowski Memorial. [&hellip;]<\/p>\n","protected":false},"author":4,"featured_media":11927,"comment_status":"closed","ping_status":"closed","sticky":false,"template":"","format":"standard","meta":{"_acf_changed":false,"footnotes":""},"categories":[158],"tags":[],"class_list":["post-11930","post","type-post","status-publish","format-standard","has-post-thumbnail","hentry","category-news-en"],"acf":[],"yoast_head":"<!-- This site is optimized with the Yoast SEO plugin v27.5 - https:\/\/yoast.com\/product\/yoast-seo-wordpress\/ -->\n<title>ORLEN Lang Team Race 2025 Series Comes to an End! - Tour de Pologne Amator\u00f3w<\/title>\n<meta name=\"robots\" content=\"index, follow, max-snippet:-1, max-image-preview:large, max-video-preview:-1\" \/>\n<link rel=\"canonical\" href=\"https:\/\/tourdepologneamatorow.pl\/en\/orlen-lang-team-race-2025-series-comes-to-an-end\/\" \/>\n<meta property=\"og:locale\" content=\"en_US\" \/>\n<meta property=\"og:type\" content=\"article\" \/>\n<meta property=\"og:title\" content=\"ORLEN Lang Team Race 2025 Series Comes to an End! - Tour de Pologne Amator\u00f3w\" \/>\n<meta property=\"og:description\" content=\"Another thrilling season of amateur cycling under the banner of ORLEN Lang Team Race has come to a close. In 2025, the series featured three events \u2013 in Ar\u0142am\u00f3w, Bukowina Tatrza\u0144ska, and Byt\u00f3w. Several thousand riders took part, including more than two thousand participants in the ORLEN Tour de Pologne Amateurs \u2013 Ryszard Szurkowski Memorial. [&hellip;]\" \/>\n<meta property=\"og:url\" content=\"https:\/\/tourdepologneamatorow.pl\/en\/orlen-lang-team-race-2025-series-comes-to-an-end\/\" \/>\n<meta property=\"og:site_name\" content=\"Tour de Pologne Amator\u00f3w\" \/>\n<meta property=\"article:published_time\" content=\"2025-11-05T10:23:02+00:00\" \/>\n<meta property=\"article:modified_time\" content=\"2025-11-27T18:49:56+00:00\" \/>\n<meta property=\"og:image\" content=\"https:\/\/tourdepologneamatorow.pl\/wp-content\/uploads\/2025\/11\/OLTR-2025-BUKOVINA-Resort-Michal-Trzpis-458.jpg\" \/>\n\t<meta property=\"og:image:width\" content=\"1280\" \/>\n\t<meta property=\"og:image:height\" content=\"852\" \/>\n\t<meta property=\"og:image:type\" content=\"image\/jpeg\" \/>\n<meta name=\"author\" content=\"Press\" \/>\n<meta name=\"twitter:card\" content=\"summary_large_image\" \/>\n<meta name=\"twitter:label1\" content=\"Written by\" \/>\n\t<meta name=\"twitter:data1\" content=\"Press\" \/>\n\t<meta name=\"twitter:label2\" content=\"Est. reading time\" \/>\n\t<meta name=\"twitter:data2\" content=\"3 minutes\" \/>\n<script type=\"application\/ld+json\" class=\"yoast-schema-graph\">{\"@context\":\"https:\\\/\\\/schema.org\",\"@graph\":[{\"@type\":\"Article\",\"@id\":\"https:\\\/\\\/tourdepologneamatorow.pl\\\/en\\\/orlen-lang-team-race-2025-series-comes-to-an-end\\\/#article\",\"isPartOf\":{\"@id\":\"https:\\\/\\\/tourdepologneamatorow.pl\\\/en\\\/orlen-lang-team-race-2025-series-comes-to-an-end\\\/\"},\"author\":{\"name\":\"Press\",\"@id\":\"https:\\\/\\\/tourdepologneamatorow.pl\\\/#\\\/schema\\\/person\\\/9a9498241c5c6ccbbf6fa6b531430e96\"},\"headline\":\"ORLEN Lang Team Race 2025 Series Comes to an End!\",\"datePublished\":\"2025-11-05T10:23:02+00:00\",\"dateModified\":\"2025-11-27T18:49:56+00:00\",\"mainEntityOfPage\":{\"@id\":\"https:\\\/\\\/tourdepologneamatorow.pl\\\/en\\\/orlen-lang-team-race-2025-series-comes-to-an-end\\\/\"},\"wordCount\":385,\"publisher\":{\"@id\":\"https:\\\/\\\/tourdepologneamatorow.pl\\\/#organization\"},\"image\":{\"@id\":\"https:\\\/\\\/tourdepologneamatorow.pl\\\/en\\\/orlen-lang-team-race-2025-series-comes-to-an-end\\\/#primaryimage\"},\"thumbnailUrl\":\"https:\\\/\\\/tourdepologneamatorow.pl\\\/wp-content\\\/uploads\\\/2025\\\/11\\\/OLTR-2025-BUKOVINA-Resort-Michal-Trzpis-458.jpg\",\"articleSection\":[\"News en\"],\"inLanguage\":\"en-US\"},{\"@type\":\"WebPage\",\"@id\":\"https:\\\/\\\/tourdepologneamatorow.pl\\\/en\\\/orlen-lang-team-race-2025-series-comes-to-an-end\\\/\",\"url\":\"https:\\\/\\\/tourdepologneamatorow.pl\\\/en\\\/orlen-lang-team-race-2025-series-comes-to-an-end\\\/\",\"name\":\"ORLEN Lang Team Race 2025 Series Comes to an End! - Tour de Pologne Amator\u00f3w\",\"isPartOf\":{\"@id\":\"https:\\\/\\\/tourdepologneamatorow.pl\\\/#website\"},\"primaryImageOfPage\":{\"@id\":\"https:\\\/\\\/tourdepologneamatorow.pl\\\/en\\\/orlen-lang-team-race-2025-series-comes-to-an-end\\\/#primaryimage\"},\"image\":{\"@id\":\"https:\\\/\\\/tourdepologneamatorow.pl\\\/en\\\/orlen-lang-team-race-2025-series-comes-to-an-end\\\/#primaryimage\"},\"thumbnailUrl\":\"https:\\\/\\\/tourdepologneamatorow.pl\\\/wp-content\\\/uploads\\\/2025\\\/11\\\/OLTR-2025-BUKOVINA-Resort-Michal-Trzpis-458.jpg\",\"datePublished\":\"2025-11-05T10:23:02+00:00\",\"dateModified\":\"2025-11-27T18:49:56+00:00\",\"breadcrumb\":{\"@id\":\"https:\\\/\\\/tourdepologneamatorow.pl\\\/en\\\/orlen-lang-team-race-2025-series-comes-to-an-end\\\/#breadcrumb\"},\"inLanguage\":\"en-US\",\"potentialAction\":[{\"@type\":\"ReadAction\",\"target\":[\"https:\\\/\\\/tourdepologneamatorow.pl\\\/en\\\/orlen-lang-team-race-2025-series-comes-to-an-end\\\/\"]}]},{\"@type\":\"ImageObject\",\"inLanguage\":\"en-US\",\"@id\":\"https:\\\/\\\/tourdepologneamatorow.pl\\\/en\\\/orlen-lang-team-race-2025-series-comes-to-an-end\\\/#primaryimage\",\"url\":\"https:\\\/\\\/tourdepologneamatorow.pl\\\/wp-content\\\/uploads\\\/2025\\\/11\\\/OLTR-2025-BUKOVINA-Resort-Michal-Trzpis-458.jpg\",\"contentUrl\":\"https:\\\/\\\/tourdepologneamatorow.pl\\\/wp-content\\\/uploads\\\/2025\\\/11\\\/OLTR-2025-BUKOVINA-Resort-Michal-Trzpis-458.jpg\",\"width\":1280,\"height\":852},{\"@type\":\"BreadcrumbList\",\"@id\":\"https:\\\/\\\/tourdepologneamatorow.pl\\\/en\\\/orlen-lang-team-race-2025-series-comes-to-an-end\\\/#breadcrumb\",\"itemListElement\":[{\"@type\":\"ListItem\",\"position\":1,\"name\":\"Strona g\u0142\u00f3wna\",\"item\":\"https:\\\/\\\/tourdepologneamatorow.pl\\\/en\\\/\"},{\"@type\":\"ListItem\",\"position\":2,\"name\":\"ORLEN Lang Team Race 2025 Series Comes to an End!\"}]},{\"@type\":\"WebSite\",\"@id\":\"https:\\\/\\\/tourdepologneamatorow.pl\\\/#website\",\"url\":\"https:\\\/\\\/tourdepologneamatorow.pl\\\/\",\"name\":\"Tour de Pologne Amator\u00f3w\",\"description\":\"Najwi\u0119kszy wy\u015bcig kolarski amator\u00f3w\",\"publisher\":{\"@id\":\"https:\\\/\\\/tourdepologneamatorow.pl\\\/#organization\"},\"potentialAction\":[{\"@type\":\"SearchAction\",\"target\":{\"@type\":\"EntryPoint\",\"urlTemplate\":\"https:\\\/\\\/tourdepologneamatorow.pl\\\/?s={search_term_string}\"},\"query-input\":{\"@type\":\"PropertyValueSpecification\",\"valueRequired\":true,\"valueName\":\"search_term_string\"}}],\"inLanguage\":\"en-US\"},{\"@type\":\"Organization\",\"@id\":\"https:\\\/\\\/tourdepologneamatorow.pl\\\/#organization\",\"name\":\"Tour de Pologne Amator\u00f3w\",\"url\":\"https:\\\/\\\/tourdepologneamatorow.pl\\\/\",\"logo\":{\"@type\":\"ImageObject\",\"inLanguage\":\"en-US\",\"@id\":\"https:\\\/\\\/tourdepologneamatorow.pl\\\/#\\\/schema\\\/logo\\\/image\\\/\",\"url\":\"https:\\\/\\\/tourdepologneamatorow.pl\\\/wp-content\\\/uploads\\\/2023\\\/03\\\/tdpa-2026-logo.png\",\"contentUrl\":\"https:\\\/\\\/tourdepologneamatorow.pl\\\/wp-content\\\/uploads\\\/2023\\\/03\\\/tdpa-2026-logo.png\",\"width\":800,\"height\":184,\"caption\":\"Tour de Pologne Amator\u00f3w\"},\"image\":{\"@id\":\"https:\\\/\\\/tourdepologneamatorow.pl\\\/#\\\/schema\\\/logo\\\/image\\\/\"}},{\"@type\":\"Person\",\"@id\":\"https:\\\/\\\/tourdepologneamatorow.pl\\\/#\\\/schema\\\/person\\\/9a9498241c5c6ccbbf6fa6b531430e96\",\"name\":\"Press\",\"image\":{\"@type\":\"ImageObject\",\"inLanguage\":\"en-US\",\"@id\":\"https:\\\/\\\/secure.gravatar.com\\\/avatar\\\/df62f2f515b6857a7626e7d733ea81e452163a8e46d8c1787c083c5dd0ee42df?s=96&d=mm&r=g\",\"url\":\"https:\\\/\\\/secure.gravatar.com\\\/avatar\\\/df62f2f515b6857a7626e7d733ea81e452163a8e46d8c1787c083c5dd0ee42df?s=96&d=mm&r=g\",\"contentUrl\":\"https:\\\/\\\/secure.gravatar.com\\\/avatar\\\/df62f2f515b6857a7626e7d733ea81e452163a8e46d8c1787c083c5dd0ee42df?s=96&d=mm&r=g\",\"caption\":\"Press\"},\"url\":\"https:\\\/\\\/tourdepologneamatorow.pl\\\/en\\\/author\\\/press\\\/\"}]}<\/script>\n<!-- \/ Yoast SEO plugin. -->","yoast_head_json":{"title":"ORLEN Lang Team Race 2025 Series Comes to an End! - Tour de Pologne Amator\u00f3w","robots":{"index":"index","follow":"follow","max-snippet":"max-snippet:-1","max-image-preview":"max-image-preview:large","max-video-preview":"max-video-preview:-1"},"canonical":"https:\/\/tourdepologneamatorow.pl\/en\/orlen-lang-team-race-2025-series-comes-to-an-end\/","og_locale":"en_US","og_type":"article","og_title":"ORLEN Lang Team Race 2025 Series Comes to an End! - Tour de Pologne Amator\u00f3w","og_description":"Another thrilling season of amateur cycling under the banner of ORLEN Lang Team Race has come to a close. In 2025, the series featured three events \u2013 in Ar\u0142am\u00f3w, Bukowina Tatrza\u0144ska, and Byt\u00f3w. Several thousand riders took part, including more than two thousand participants in the ORLEN Tour de Pologne Amateurs \u2013 Ryszard Szurkowski Memorial. [&hellip;]","og_url":"https:\/\/tourdepologneamatorow.pl\/en\/orlen-lang-team-race-2025-series-comes-to-an-end\/","og_site_name":"Tour de Pologne Amator\u00f3w","article_published_time":"2025-11-05T10:23:02+00:00","article_modified_time":"2025-11-27T18:49:56+00:00","og_image":[{"width":1280,"height":852,"url":"https:\/\/tourdepologneamatorow.pl\/wp-content\/uploads\/2025\/11\/OLTR-2025-BUKOVINA-Resort-Michal-Trzpis-458.jpg","type":"image\/jpeg"}],"author":"Press","twitter_card":"summary_large_image","twitter_misc":{"Written by":"Press","Est. reading time":"3 minutes"},"schema":{"@context":"https:\/\/schema.org","@graph":[{"@type":"Article","@id":"https:\/\/tourdepologneamatorow.pl\/en\/orlen-lang-team-race-2025-series-comes-to-an-end\/#article","isPartOf":{"@id":"https:\/\/tourdepologneamatorow.pl\/en\/orlen-lang-team-race-2025-series-comes-to-an-end\/"},"author":{"name":"Press","@id":"https:\/\/tourdepologneamatorow.pl\/#\/schema\/person\/9a9498241c5c6ccbbf6fa6b531430e96"},"headline":"ORLEN Lang Team Race 2025 Series Comes to an End!","datePublished":"2025-11-05T10:23:02+00:00","dateModified":"2025-11-27T18:49:56+00:00","mainEntityOfPage":{"@id":"https:\/\/tourdepologneamatorow.pl\/en\/orlen-lang-team-race-2025-series-comes-to-an-end\/"},"wordCount":385,"publisher":{"@id":"https:\/\/tourdepologneamatorow.pl\/#organization"},"image":{"@id":"https:\/\/tourdepologneamatorow.pl\/en\/orlen-lang-team-race-2025-series-comes-to-an-end\/#primaryimage"},"thumbnailUrl":"https:\/\/tourdepologneamatorow.pl\/wp-content\/uploads\/2025\/11\/OLTR-2025-BUKOVINA-Resort-Michal-Trzpis-458.jpg","articleSection":["News en"],"inLanguage":"en-US"},{"@type":"WebPage","@id":"https:\/\/tourdepologneamatorow.pl\/en\/orlen-lang-team-race-2025-series-comes-to-an-end\/","url":"https:\/\/tourdepologneamatorow.pl\/en\/orlen-lang-team-race-2025-series-comes-to-an-end\/","name":"ORLEN Lang Team Race 2025 Series Comes to an End! - Tour de Pologne Amator\u00f3w","isPartOf":{"@id":"https:\/\/tourdepologneamatorow.pl\/#website"},"primaryImageOfPage":{"@id":"https:\/\/tourdepologneamatorow.pl\/en\/orlen-lang-team-race-2025-series-comes-to-an-end\/#primaryimage"},"image":{"@id":"https:\/\/tourdepologneamatorow.pl\/en\/orlen-lang-team-race-2025-series-comes-to-an-end\/#primaryimage"},"thumbnailUrl":"https:\/\/tourdepologneamatorow.pl\/wp-content\/uploads\/2025\/11\/OLTR-2025-BUKOVINA-Resort-Michal-Trzpis-458.jpg","datePublished":"2025-11-05T10:23:02+00:00","dateModified":"2025-11-27T18:49:56+00:00","breadcrumb":{"@id":"https:\/\/tourdepologneamatorow.pl\/en\/orlen-lang-team-race-2025-series-comes-to-an-end\/#breadcrumb"},"inLanguage":"en-US","potentialAction":[{"@type":"ReadAction","target":["https:\/\/tourdepologneamatorow.pl\/en\/orlen-lang-team-race-2025-series-comes-to-an-end\/"]}]},{"@type":"ImageObject","inLanguage":"en-US","@id":"https:\/\/tourdepologneamatorow.pl\/en\/orlen-lang-team-race-2025-series-comes-to-an-end\/#primaryimage","url":"https:\/\/tourdepologneamatorow.pl\/wp-content\/uploads\/2025\/11\/OLTR-2025-BUKOVINA-Resort-Michal-Trzpis-458.jpg","contentUrl":"https:\/\/tourdepologneamatorow.pl\/wp-content\/uploads\/2025\/11\/OLTR-2025-BUKOVINA-Resort-Michal-Trzpis-458.jpg","width":1280,"height":852},{"@type":"BreadcrumbList","@id":"https:\/\/tourdepologneamatorow.pl\/en\/orlen-lang-team-race-2025-series-comes-to-an-end\/#breadcrumb","itemListElement":[{"@type":"ListItem","position":1,"name":"Strona g\u0142\u00f3wna","item":"https:\/\/tourdepologneamatorow.pl\/en\/"},{"@type":"ListItem","position":2,"name":"ORLEN Lang Team Race 2025 Series Comes to an End!"}]},{"@type":"WebSite","@id":"https:\/\/tourdepologneamatorow.pl\/#website","url":"https:\/\/tourdepologneamatorow.pl\/","name":"Tour de Pologne Amator\u00f3w","description":"Najwi\u0119kszy wy\u015bcig kolarski amator\u00f3w","publisher":{"@id":"https:\/\/tourdepologneamatorow.pl\/#organization"},"potentialAction":[{"@type":"SearchAction","target":{"@type":"EntryPoint","urlTemplate":"https:\/\/tourdepologneamatorow.pl\/?s={search_term_string}"},"query-input":{"@type":"PropertyValueSpecification","valueRequired":true,"valueName":"search_term_string"}}],"inLanguage":"en-US"},{"@type":"Organization","@id":"https:\/\/tourdepologneamatorow.pl\/#organization","name":"Tour de Pologne Amator\u00f3w","url":"https:\/\/tourdepologneamatorow.pl\/","logo":{"@type":"ImageObject","inLanguage":"en-US","@id":"https:\/\/tourdepologneamatorow.pl\/#\/schema\/logo\/image\/","url":"https:\/\/tourdepologneamatorow.pl\/wp-content\/uploads\/2023\/03\/tdpa-2026-logo.png","contentUrl":"https:\/\/tourdepologneamatorow.pl\/wp-content\/uploads\/2023\/03\/tdpa-2026-logo.png","width":800,"height":184,"caption":"Tour de Pologne Amator\u00f3w"},"image":{"@id":"https:\/\/tourdepologneamatorow.pl\/#\/schema\/logo\/image\/"}},{"@type":"Person","@id":"https:\/\/tourdepologneamatorow.pl\/#\/schema\/person\/9a9498241c5c6ccbbf6fa6b531430e96","name":"Press","image":{"@type":"ImageObject","inLanguage":"en-US","@id":"https:\/\/secure.gravatar.com\/avatar\/df62f2f515b6857a7626e7d733ea81e452163a8e46d8c1787c083c5dd0ee42df?s=96&d=mm&r=g","url":"https:\/\/secure.gravatar.com\/avatar\/df62f2f515b6857a7626e7d733ea81e452163a8e46d8c1787c083c5dd0ee42df?s=96&d=mm&r=g","contentUrl":"https:\/\/secure.gravatar.com\/avatar\/df62f2f515b6857a7626e7d733ea81e452163a8e46d8c1787c083c5dd0ee42df?s=96&d=mm&r=g","caption":"Press"},"url":"https:\/\/tourdepologneamatorow.pl\/en\/author\/press\/"}]}},"_links":{"self":[{"href":"https:\/\/tourdepologneamatorow.pl\/en\/wp-json\/wp\/v2\/posts\/11930","targetHints":{"allow":["GET"]}}],"collection":[{"href":"https:\/\/tourdepologneamatorow.pl\/en\/wp-json\/wp\/v2\/posts"}],"about":[{"href":"https:\/\/tourdepologneamatorow.pl\/en\/wp-json\/wp\/v2\/types\/post"}],"author":[{"embeddable":true,"href":"https:\/\/tourdepologneamatorow.pl\/en\/wp-json\/wp\/v2\/users\/4"}],"replies":[{"embeddable":true,"href":"https:\/\/tourdepologneamatorow.pl\/en\/wp-json\/wp\/v2\/comments?post=11930"}],"version-history":[{"count":1,"href":"https:\/\/tourdepologneamatorow.pl\/en\/wp-json\/wp\/v2\/posts\/11930\/revisions"}],"predecessor-version":[{"id":11931,"href":"https:\/\/tourdepologneamatorow.pl\/en\/wp-json\/wp\/v2\/posts\/11930\/revisions\/11931"}],"wp:featuredmedia":[{"embeddable":true,"href":"https:\/\/tourdepologneamatorow.pl\/en\/wp-json\/wp\/v2\/media\/11927"}],"wp:attachment":[{"href":"https:\/\/tourdepologneamatorow.pl\/en\/wp-json\/wp\/v2\/media?parent=11930"}],"wp:term":[{"taxonomy":"category","embeddable":true,"href":"https:\/\/tourdepologneamatorow.pl\/en\/wp-json\/wp\/v2\/categories?post=11930"},{"taxonomy":"post_tag","embeddable":true,"href":"https:\/\/tourdepologneamatorow.pl\/en\/wp-json\/wp\/v2\/tags?post=11930"}],"curies":[{"name":"wp","href":"https:\/\/api.w.org\/{rel}","templated":true}]}}