{"id":11365,"date":"2025-08-07T08:56:08","date_gmt":"2025-08-07T06:56:08","guid":{"rendered":"https:\/\/tourdepologneamatorow.pl\/?p=11365"},"modified":"2025-08-09T14:38:03","modified_gmt":"2025-08-09T12:38:03","slug":"a-celebration-of-cycling-at-bukovina-resort-preview-of-the-orlen-tour-de-pologne-amateurs","status":"publish","type":"post","link":"https:\/\/tourdepologneamatorow.pl\/en\/a-celebration-of-cycling-at-bukovina-resort-preview-of-the-orlen-tour-de-pologne-amateurs\/","title":{"rendered":"A celebration of cycling at BUKOVINA Resort &#8211; Preview of the ORLEN TdP Amateurs"},"content":{"rendered":"<p><strong>This is the day amateur cyclists wait for all year. On August 9th, the ORLEN Tour de Pologne Amateurs \u2013 Ryszard Szurkowski Memorial will take place. The peloton will tackle a 49-kilometre route from BUKOVINA Resort to the Rusin-Ski ski station. Along the way, riders will face many demanding climbs!<\/strong><\/p>\n<p>On Saturday, August 9th, the 15th edition of the ORLEN Tour de Pologne Amateurs Ryszard Szurkowski Memorial \u2013 a legendary Polish cyclist, four-time Peace Race winner, Olympic medalist, and three-time world champion. Nearly 2,500 riders will gather in Bukowina Tatrza\u0144ska and BUKOVINA Resort to face a challenging route and the iconic BUKOVINA Wall climb, where the Decathlon KOM will be located.<\/p>\n<p>The route will be 49 kilometres long, starting at BUKOVINA Resort, with the finish line at the Rusin-Ski station.<\/p>\n<p><em>\u201cThis year, the ORLEN Tour de Pologne Amateurs returns to Bukowina Tatrza\u0144ska and BUKOVINA Resort. Riders will compete in a fantastic setting and atmosphere on a well-known loop, allowing them to compare their times with previous years. I\u2019m very happy we\u2019ll once again meet cycling enthusiasts, and I hope that afterward we\u2019ll cheer together for the pros racing in the Tour de Pologne UCI WorldTour\u201d <\/em>said Czes\u0142aw Lang, General Director of Lang Team.<\/p>\n<p>The ORLEN Tour de Pologne Amateurs will also be a unique opportunity to meet Robert Kubica, winner of the 24 Hours of Le Mans and the Formula 1 Canadian Grand Prix, known for his passion for cycling. After the race, Robert Kubica will be present in the Stop Cafe zone, where fans will be able to collect autographs and take souvenir photos.<\/p>\n<p>The amateur race will start at 7:30 AM, with the awards ceremony scheduled for 11:30 AM. The race office and bib pick-up will be open starting Thursday.<\/p>\n<p>&nbsp;<\/p>\n","protected":false},"excerpt":{"rendered":"<p>This is the day amateur cyclists wait for all year. On August 9th, the ORLEN Tour de Pologne Amateurs \u2013 Ryszard Szurkowski Memorial will take place. The peloton will tackle a 49-kilometre route from BUKOVINA Resort to the Rusin-Ski ski station. Along the way, riders will face many demanding climbs! On Saturday, August 9th, the [&hellip;]<\/p>\n","protected":false},"author":4,"featured_media":11214,"comment_status":"closed","ping_status":"closed","sticky":false,"template":"","format":"standard","meta":{"_acf_changed":false,"footnotes":""},"categories":[158],"tags":[],"class_list":["post-11365","post","type-post","status-publish","format-standard","has-post-thumbnail","hentry","category-news-en"],"acf":[],"yoast_head":"<!-- This site is optimized with the Yoast SEO plugin v27.5 - https:\/\/yoast.com\/product\/yoast-seo-wordpress\/ -->\n<title>A celebration of cycling at BUKOVINA Resort - Preview of the ORLEN TdP Amateurs - Tour de Pologne Amator\u00f3w<\/title>\n<meta name=\"robots\" content=\"index, follow, max-snippet:-1, max-image-preview:large, max-video-preview:-1\" \/>\n<link rel=\"canonical\" href=\"https:\/\/tourdepologneamatorow.pl\/en\/a-celebration-of-cycling-at-bukovina-resort-preview-of-the-orlen-tour-de-pologne-amateurs\/\" \/>\n<meta property=\"og:locale\" content=\"en_US\" \/>\n<meta property=\"og:type\" content=\"article\" \/>\n<meta property=\"og:title\" content=\"A celebration of cycling at BUKOVINA Resort - Preview of the ORLEN TdP Amateurs - Tour de Pologne Amator\u00f3w\" \/>\n<meta property=\"og:description\" content=\"This is the day amateur cyclists wait for all year. On August 9th, the ORLEN Tour de Pologne Amateurs \u2013 Ryszard Szurkowski Memorial will take place. The peloton will tackle a 49-kilometre route from BUKOVINA Resort to the Rusin-Ski ski station. Along the way, riders will face many demanding climbs! On Saturday, August 9th, the [&hellip;]\" \/>\n<meta property=\"og:url\" content=\"https:\/\/tourdepologneamatorow.pl\/en\/a-celebration-of-cycling-at-bukovina-resort-preview-of-the-orlen-tour-de-pologne-amateurs\/\" \/>\n<meta property=\"og:site_name\" content=\"Tour de Pologne Amator\u00f3w\" \/>\n<meta property=\"article:published_time\" content=\"2025-08-07T06:56:08+00:00\" \/>\n<meta property=\"article:modified_time\" content=\"2025-08-09T12:38:03+00:00\" \/>\n<meta property=\"og:image\" content=\"https:\/\/tourdepologneamatorow.pl\/wp-content\/uploads\/2025\/06\/OLTRBytow23-126.jpg\" \/>\n\t<meta property=\"og:image:width\" content=\"1280\" \/>\n\t<meta property=\"og:image:height\" content=\"853\" \/>\n\t<meta property=\"og:image:type\" content=\"image\/jpeg\" \/>\n<meta name=\"author\" content=\"Press\" \/>\n<meta name=\"twitter:card\" content=\"summary_large_image\" \/>\n<meta name=\"twitter:label1\" content=\"Written by\" \/>\n\t<meta name=\"twitter:data1\" content=\"Press\" \/>\n\t<meta name=\"twitter:label2\" content=\"Est. reading time\" \/>\n\t<meta name=\"twitter:data2\" content=\"2 minutes\" \/>\n<script type=\"application\/ld+json\" class=\"yoast-schema-graph\">{\"@context\":\"https:\\\/\\\/schema.org\",\"@graph\":[{\"@type\":\"Article\",\"@id\":\"https:\\\/\\\/tourdepologneamatorow.pl\\\/en\\\/a-celebration-of-cycling-at-bukovina-resort-preview-of-the-orlen-tour-de-pologne-amateurs\\\/#article\",\"isPartOf\":{\"@id\":\"https:\\\/\\\/tourdepologneamatorow.pl\\\/en\\\/a-celebration-of-cycling-at-bukovina-resort-preview-of-the-orlen-tour-de-pologne-amateurs\\\/\"},\"author\":{\"name\":\"Press\",\"@id\":\"https:\\\/\\\/tourdepologneamatorow.pl\\\/#\\\/schema\\\/person\\\/9a9498241c5c6ccbbf6fa6b531430e96\"},\"headline\":\"A celebration of cycling at BUKOVINA Resort &#8211; Preview of the ORLEN TdP Amateurs\",\"datePublished\":\"2025-08-07T06:56:08+00:00\",\"dateModified\":\"2025-08-09T12:38:03+00:00\",\"mainEntityOfPage\":{\"@id\":\"https:\\\/\\\/tourdepologneamatorow.pl\\\/en\\\/a-celebration-of-cycling-at-bukovina-resort-preview-of-the-orlen-tour-de-pologne-amateurs\\\/\"},\"wordCount\":305,\"publisher\":{\"@id\":\"https:\\\/\\\/tourdepologneamatorow.pl\\\/#organization\"},\"image\":{\"@id\":\"https:\\\/\\\/tourdepologneamatorow.pl\\\/en\\\/a-celebration-of-cycling-at-bukovina-resort-preview-of-the-orlen-tour-de-pologne-amateurs\\\/#primaryimage\"},\"thumbnailUrl\":\"https:\\\/\\\/tourdepologneamatorow.pl\\\/wp-content\\\/uploads\\\/2025\\\/06\\\/OLTRBytow23-126.jpg\",\"articleSection\":[\"News en\"],\"inLanguage\":\"en-US\"},{\"@type\":\"WebPage\",\"@id\":\"https:\\\/\\\/tourdepologneamatorow.pl\\\/en\\\/a-celebration-of-cycling-at-bukovina-resort-preview-of-the-orlen-tour-de-pologne-amateurs\\\/\",\"url\":\"https:\\\/\\\/tourdepologneamatorow.pl\\\/en\\\/a-celebration-of-cycling-at-bukovina-resort-preview-of-the-orlen-tour-de-pologne-amateurs\\\/\",\"name\":\"A celebration of cycling at BUKOVINA Resort - Preview of the ORLEN TdP Amateurs - Tour de Pologne Amator\u00f3w\",\"isPartOf\":{\"@id\":\"https:\\\/\\\/tourdepologneamatorow.pl\\\/#website\"},\"primaryImageOfPage\":{\"@id\":\"https:\\\/\\\/tourdepologneamatorow.pl\\\/en\\\/a-celebration-of-cycling-at-bukovina-resort-preview-of-the-orlen-tour-de-pologne-amateurs\\\/#primaryimage\"},\"image\":{\"@id\":\"https:\\\/\\\/tourdepologneamatorow.pl\\\/en\\\/a-celebration-of-cycling-at-bukovina-resort-preview-of-the-orlen-tour-de-pologne-amateurs\\\/#primaryimage\"},\"thumbnailUrl\":\"https:\\\/\\\/tourdepologneamatorow.pl\\\/wp-content\\\/uploads\\\/2025\\\/06\\\/OLTRBytow23-126.jpg\",\"datePublished\":\"2025-08-07T06:56:08+00:00\",\"dateModified\":\"2025-08-09T12:38:03+00:00\",\"breadcrumb\":{\"@id\":\"https:\\\/\\\/tourdepologneamatorow.pl\\\/en\\\/a-celebration-of-cycling-at-bukovina-resort-preview-of-the-orlen-tour-de-pologne-amateurs\\\/#breadcrumb\"},\"inLanguage\":\"en-US\",\"potentialAction\":[{\"@type\":\"ReadAction\",\"target\":[\"https:\\\/\\\/tourdepologneamatorow.pl\\\/en\\\/a-celebration-of-cycling-at-bukovina-resort-preview-of-the-orlen-tour-de-pologne-amateurs\\\/\"]}]},{\"@type\":\"ImageObject\",\"inLanguage\":\"en-US\",\"@id\":\"https:\\\/\\\/tourdepologneamatorow.pl\\\/en\\\/a-celebration-of-cycling-at-bukovina-resort-preview-of-the-orlen-tour-de-pologne-amateurs\\\/#primaryimage\",\"url\":\"https:\\\/\\\/tourdepologneamatorow.pl\\\/wp-content\\\/uploads\\\/2025\\\/06\\\/OLTRBytow23-126.jpg\",\"contentUrl\":\"https:\\\/\\\/tourdepologneamatorow.pl\\\/wp-content\\\/uploads\\\/2025\\\/06\\\/OLTRBytow23-126.jpg\",\"width\":1280,\"height\":853},{\"@type\":\"BreadcrumbList\",\"@id\":\"https:\\\/\\\/tourdepologneamatorow.pl\\\/en\\\/a-celebration-of-cycling-at-bukovina-resort-preview-of-the-orlen-tour-de-pologne-amateurs\\\/#breadcrumb\",\"itemListElement\":[{\"@type\":\"ListItem\",\"position\":1,\"name\":\"Strona g\u0142\u00f3wna\",\"item\":\"https:\\\/\\\/tourdepologneamatorow.pl\\\/en\\\/\"},{\"@type\":\"ListItem\",\"position\":2,\"name\":\"A celebration of cycling at BUKOVINA Resort &#8211; Preview of the ORLEN TdP Amateurs\"}]},{\"@type\":\"WebSite\",\"@id\":\"https:\\\/\\\/tourdepologneamatorow.pl\\\/#website\",\"url\":\"https:\\\/\\\/tourdepologneamatorow.pl\\\/\",\"name\":\"Tour de Pologne Amator\u00f3w\",\"description\":\"Najwi\u0119kszy wy\u015bcig kolarski amator\u00f3w\",\"publisher\":{\"@id\":\"https:\\\/\\\/tourdepologneamatorow.pl\\\/#organization\"},\"potentialAction\":[{\"@type\":\"SearchAction\",\"target\":{\"@type\":\"EntryPoint\",\"urlTemplate\":\"https:\\\/\\\/tourdepologneamatorow.pl\\\/?s={search_term_string}\"},\"query-input\":{\"@type\":\"PropertyValueSpecification\",\"valueRequired\":true,\"valueName\":\"search_term_string\"}}],\"inLanguage\":\"en-US\"},{\"@type\":\"Organization\",\"@id\":\"https:\\\/\\\/tourdepologneamatorow.pl\\\/#organization\",\"name\":\"Tour de Pologne Amator\u00f3w\",\"url\":\"https:\\\/\\\/tourdepologneamatorow.pl\\\/\",\"logo\":{\"@type\":\"ImageObject\",\"inLanguage\":\"en-US\",\"@id\":\"https:\\\/\\\/tourdepologneamatorow.pl\\\/#\\\/schema\\\/logo\\\/image\\\/\",\"url\":\"https:\\\/\\\/tourdepologneamatorow.pl\\\/wp-content\\\/uploads\\\/2023\\\/03\\\/tdpa-2026-logo.png\",\"contentUrl\":\"https:\\\/\\\/tourdepologneamatorow.pl\\\/wp-content\\\/uploads\\\/2023\\\/03\\\/tdpa-2026-logo.png\",\"width\":800,\"height\":184,\"caption\":\"Tour de Pologne Amator\u00f3w\"},\"image\":{\"@id\":\"https:\\\/\\\/tourdepologneamatorow.pl\\\/#\\\/schema\\\/logo\\\/image\\\/\"}},{\"@type\":\"Person\",\"@id\":\"https:\\\/\\\/tourdepologneamatorow.pl\\\/#\\\/schema\\\/person\\\/9a9498241c5c6ccbbf6fa6b531430e96\",\"name\":\"Press\",\"image\":{\"@type\":\"ImageObject\",\"inLanguage\":\"en-US\",\"@id\":\"https:\\\/\\\/secure.gravatar.com\\\/avatar\\\/df62f2f515b6857a7626e7d733ea81e452163a8e46d8c1787c083c5dd0ee42df?s=96&d=mm&r=g\",\"url\":\"https:\\\/\\\/secure.gravatar.com\\\/avatar\\\/df62f2f515b6857a7626e7d733ea81e452163a8e46d8c1787c083c5dd0ee42df?s=96&d=mm&r=g\",\"contentUrl\":\"https:\\\/\\\/secure.gravatar.com\\\/avatar\\\/df62f2f515b6857a7626e7d733ea81e452163a8e46d8c1787c083c5dd0ee42df?s=96&d=mm&r=g\",\"caption\":\"Press\"},\"url\":\"https:\\\/\\\/tourdepologneamatorow.pl\\\/en\\\/author\\\/press\\\/\"}]}<\/script>\n<!-- \/ Yoast SEO plugin. -->","yoast_head_json":{"title":"A celebration of cycling at BUKOVINA Resort - Preview of the ORLEN TdP Amateurs - Tour de Pologne Amator\u00f3w","robots":{"index":"index","follow":"follow","max-snippet":"max-snippet:-1","max-image-preview":"max-image-preview:large","max-video-preview":"max-video-preview:-1"},"canonical":"https:\/\/tourdepologneamatorow.pl\/en\/a-celebration-of-cycling-at-bukovina-resort-preview-of-the-orlen-tour-de-pologne-amateurs\/","og_locale":"en_US","og_type":"article","og_title":"A celebration of cycling at BUKOVINA Resort - Preview of the ORLEN TdP Amateurs - Tour de Pologne Amator\u00f3w","og_description":"This is the day amateur cyclists wait for all year. On August 9th, the ORLEN Tour de Pologne Amateurs \u2013 Ryszard Szurkowski Memorial will take place. The peloton will tackle a 49-kilometre route from BUKOVINA Resort to the Rusin-Ski ski station. Along the way, riders will face many demanding climbs! On Saturday, August 9th, the [&hellip;]","og_url":"https:\/\/tourdepologneamatorow.pl\/en\/a-celebration-of-cycling-at-bukovina-resort-preview-of-the-orlen-tour-de-pologne-amateurs\/","og_site_name":"Tour de Pologne Amator\u00f3w","article_published_time":"2025-08-07T06:56:08+00:00","article_modified_time":"2025-08-09T12:38:03+00:00","og_image":[{"width":1280,"height":853,"url":"https:\/\/tourdepologneamatorow.pl\/wp-content\/uploads\/2025\/06\/OLTRBytow23-126.jpg","type":"image\/jpeg"}],"author":"Press","twitter_card":"summary_large_image","twitter_misc":{"Written by":"Press","Est. reading time":"2 minutes"},"schema":{"@context":"https:\/\/schema.org","@graph":[{"@type":"Article","@id":"https:\/\/tourdepologneamatorow.pl\/en\/a-celebration-of-cycling-at-bukovina-resort-preview-of-the-orlen-tour-de-pologne-amateurs\/#article","isPartOf":{"@id":"https:\/\/tourdepologneamatorow.pl\/en\/a-celebration-of-cycling-at-bukovina-resort-preview-of-the-orlen-tour-de-pologne-amateurs\/"},"author":{"name":"Press","@id":"https:\/\/tourdepologneamatorow.pl\/#\/schema\/person\/9a9498241c5c6ccbbf6fa6b531430e96"},"headline":"A celebration of cycling at BUKOVINA Resort &#8211; Preview of the ORLEN TdP Amateurs","datePublished":"2025-08-07T06:56:08+00:00","dateModified":"2025-08-09T12:38:03+00:00","mainEntityOfPage":{"@id":"https:\/\/tourdepologneamatorow.pl\/en\/a-celebration-of-cycling-at-bukovina-resort-preview-of-the-orlen-tour-de-pologne-amateurs\/"},"wordCount":305,"publisher":{"@id":"https:\/\/tourdepologneamatorow.pl\/#organization"},"image":{"@id":"https:\/\/tourdepologneamatorow.pl\/en\/a-celebration-of-cycling-at-bukovina-resort-preview-of-the-orlen-tour-de-pologne-amateurs\/#primaryimage"},"thumbnailUrl":"https:\/\/tourdepologneamatorow.pl\/wp-content\/uploads\/2025\/06\/OLTRBytow23-126.jpg","articleSection":["News en"],"inLanguage":"en-US"},{"@type":"WebPage","@id":"https:\/\/tourdepologneamatorow.pl\/en\/a-celebration-of-cycling-at-bukovina-resort-preview-of-the-orlen-tour-de-pologne-amateurs\/","url":"https:\/\/tourdepologneamatorow.pl\/en\/a-celebration-of-cycling-at-bukovina-resort-preview-of-the-orlen-tour-de-pologne-amateurs\/","name":"A celebration of cycling at BUKOVINA Resort - Preview of the ORLEN TdP Amateurs - Tour de Pologne Amator\u00f3w","isPartOf":{"@id":"https:\/\/tourdepologneamatorow.pl\/#website"},"primaryImageOfPage":{"@id":"https:\/\/tourdepologneamatorow.pl\/en\/a-celebration-of-cycling-at-bukovina-resort-preview-of-the-orlen-tour-de-pologne-amateurs\/#primaryimage"},"image":{"@id":"https:\/\/tourdepologneamatorow.pl\/en\/a-celebration-of-cycling-at-bukovina-resort-preview-of-the-orlen-tour-de-pologne-amateurs\/#primaryimage"},"thumbnailUrl":"https:\/\/tourdepologneamatorow.pl\/wp-content\/uploads\/2025\/06\/OLTRBytow23-126.jpg","datePublished":"2025-08-07T06:56:08+00:00","dateModified":"2025-08-09T12:38:03+00:00","breadcrumb":{"@id":"https:\/\/tourdepologneamatorow.pl\/en\/a-celebration-of-cycling-at-bukovina-resort-preview-of-the-orlen-tour-de-pologne-amateurs\/#breadcrumb"},"inLanguage":"en-US","potentialAction":[{"@type":"ReadAction","target":["https:\/\/tourdepologneamatorow.pl\/en\/a-celebration-of-cycling-at-bukovina-resort-preview-of-the-orlen-tour-de-pologne-amateurs\/"]}]},{"@type":"ImageObject","inLanguage":"en-US","@id":"https:\/\/tourdepologneamatorow.pl\/en\/a-celebration-of-cycling-at-bukovina-resort-preview-of-the-orlen-tour-de-pologne-amateurs\/#primaryimage","url":"https:\/\/tourdepologneamatorow.pl\/wp-content\/uploads\/2025\/06\/OLTRBytow23-126.jpg","contentUrl":"https:\/\/tourdepologneamatorow.pl\/wp-content\/uploads\/2025\/06\/OLTRBytow23-126.jpg","width":1280,"height":853},{"@type":"BreadcrumbList","@id":"https:\/\/tourdepologneamatorow.pl\/en\/a-celebration-of-cycling-at-bukovina-resort-preview-of-the-orlen-tour-de-pologne-amateurs\/#breadcrumb","itemListElement":[{"@type":"ListItem","position":1,"name":"Strona g\u0142\u00f3wna","item":"https:\/\/tourdepologneamatorow.pl\/en\/"},{"@type":"ListItem","position":2,"name":"A celebration of cycling at BUKOVINA Resort &#8211; Preview of the ORLEN TdP Amateurs"}]},{"@type":"WebSite","@id":"https:\/\/tourdepologneamatorow.pl\/#website","url":"https:\/\/tourdepologneamatorow.pl\/","name":"Tour de Pologne Amator\u00f3w","description":"Najwi\u0119kszy wy\u015bcig kolarski amator\u00f3w","publisher":{"@id":"https:\/\/tourdepologneamatorow.pl\/#organization"},"potentialAction":[{"@type":"SearchAction","target":{"@type":"EntryPoint","urlTemplate":"https:\/\/tourdepologneamatorow.pl\/?s={search_term_string}"},"query-input":{"@type":"PropertyValueSpecification","valueRequired":true,"valueName":"search_term_string"}}],"inLanguage":"en-US"},{"@type":"Organization","@id":"https:\/\/tourdepologneamatorow.pl\/#organization","name":"Tour de Pologne Amator\u00f3w","url":"https:\/\/tourdepologneamatorow.pl\/","logo":{"@type":"ImageObject","inLanguage":"en-US","@id":"https:\/\/tourdepologneamatorow.pl\/#\/schema\/logo\/image\/","url":"https:\/\/tourdepologneamatorow.pl\/wp-content\/uploads\/2023\/03\/tdpa-2026-logo.png","contentUrl":"https:\/\/tourdepologneamatorow.pl\/wp-content\/uploads\/2023\/03\/tdpa-2026-logo.png","width":800,"height":184,"caption":"Tour de Pologne Amator\u00f3w"},"image":{"@id":"https:\/\/tourdepologneamatorow.pl\/#\/schema\/logo\/image\/"}},{"@type":"Person","@id":"https:\/\/tourdepologneamatorow.pl\/#\/schema\/person\/9a9498241c5c6ccbbf6fa6b531430e96","name":"Press","image":{"@type":"ImageObject","inLanguage":"en-US","@id":"https:\/\/secure.gravatar.com\/avatar\/df62f2f515b6857a7626e7d733ea81e452163a8e46d8c1787c083c5dd0ee42df?s=96&d=mm&r=g","url":"https:\/\/secure.gravatar.com\/avatar\/df62f2f515b6857a7626e7d733ea81e452163a8e46d8c1787c083c5dd0ee42df?s=96&d=mm&r=g","contentUrl":"https:\/\/secure.gravatar.com\/avatar\/df62f2f515b6857a7626e7d733ea81e452163a8e46d8c1787c083c5dd0ee42df?s=96&d=mm&r=g","caption":"Press"},"url":"https:\/\/tourdepologneamatorow.pl\/en\/author\/press\/"}]}},"_links":{"self":[{"href":"https:\/\/tourdepologneamatorow.pl\/en\/wp-json\/wp\/v2\/posts\/11365","targetHints":{"allow":["GET"]}}],"collection":[{"href":"https:\/\/tourdepologneamatorow.pl\/en\/wp-json\/wp\/v2\/posts"}],"about":[{"href":"https:\/\/tourdepologneamatorow.pl\/en\/wp-json\/wp\/v2\/types\/post"}],"author":[{"embeddable":true,"href":"https:\/\/tourdepologneamatorow.pl\/en\/wp-json\/wp\/v2\/users\/4"}],"replies":[{"embeddable":true,"href":"https:\/\/tourdepologneamatorow.pl\/en\/wp-json\/wp\/v2\/comments?post=11365"}],"version-history":[{"count":4,"href":"https:\/\/tourdepologneamatorow.pl\/en\/wp-json\/wp\/v2\/posts\/11365\/revisions"}],"predecessor-version":[{"id":11371,"href":"https:\/\/tourdepologneamatorow.pl\/en\/wp-json\/wp\/v2\/posts\/11365\/revisions\/11371"}],"wp:featuredmedia":[{"embeddable":true,"href":"https:\/\/tourdepologneamatorow.pl\/en\/wp-json\/wp\/v2\/media\/11214"}],"wp:attachment":[{"href":"https:\/\/tourdepologneamatorow.pl\/en\/wp-json\/wp\/v2\/media?parent=11365"}],"wp:term":[{"taxonomy":"category","embeddable":true,"href":"https:\/\/tourdepologneamatorow.pl\/en\/wp-json\/wp\/v2\/categories?post=11365"},{"taxonomy":"post_tag","embeddable":true,"href":"https:\/\/tourdepologneamatorow.pl\/en\/wp-json\/wp\/v2\/tags?post=11365"}],"curies":[{"name":"wp","href":"https:\/\/api.w.org\/{rel}","templated":true}]}}